{"id":114341,"date":"2025-10-17T08:50:16","date_gmt":"2025-10-17T08:50:16","guid":{"rendered":"https:\/\/www.europesays.com\/pt\/114341\/"},"modified":"2025-10-17T08:50:16","modified_gmt":"2025-10-17T08:50:16","slug":"lisboa-camara-assume-erro-em-boletins-sem-quadrado-do-chega-observador","status":"publish","type":"post","link":"https:\/\/www.europesays.com\/pt\/114341\/","title":{"rendered":"Lisboa. C\u00e2mara assume erro em boletins sem quadrado do Chega \u2013 Observador"},"content":{"rendered":"<p>A C\u00e2mara Municipal de Lisboa assumiu a responsabilidade pelo erro de impress\u00e3o de alguns boletins de voto na freguesia de S\u00e3o Domingos de Benfica que apareciam sem o quadrado referente ao partido Chega, avan\u00e7ou a <a href=\"https:\/\/cnnportugal.iol.pt\/chega\/boletim-de-votos\/cne-confirma-falhas-em-boletins-de-voto-um-nao-permitia-votar-cdu-e-o-outro-chega-pelo-menos-um-dos-resultados-esta-em-risco\/20251016\/68f0e51cd34ee0c2fed15163\" rel=\"nofollow noopener\" target=\"_blank\">CNN Portugal<\/a>.<\/p>\n<p>A autarquia enviou um comunicado \u00e0 esta\u00e7\u00e3o televisiva a esclarecer a falha que afetou 61 eleitores que exerceram o direito de forma antecipada. O problema, segundo a nota oficial, foi detetado nas primeiras horas da manh\u00e3 de 6 de outubro e tratado de \u201cimediato\u201d, tendo sido substitu\u00eddos \u201cos boletins referentes a essa assembleia de freguesia\u201d \u2014 a \u00fanica das tr\u00eas folhas onde foi identificada a anomalia.<\/p>\n<p>Ter\u00e1 sido, de acordo com a CNN, o pr\u00f3prio servi\u00e7o de imprensa municipal da autarquia a imprimir os boletins defeituosos. Na ter\u00e7a-feira, a Comiss\u00e3o Nacional de Elei\u00e7\u00f5es afirmou ao Observador que a 6 de outubro <a href=\"https:\/\/observador.pt\/2025\/10\/14\/60-votos-ficaram-por-contar-em-sao-domingos-de-benfica-cdu-admite-pedir-recontagem\/\" rel=\"nofollow noopener\" target=\"_blank\">foi dada indica\u00e7\u00e3o para remeter os envelopes com os votos para a Assembleia de apuramento geral<\/a>, para serem verificados.<\/p>\n<blockquote class=\"wp-embedded-content\" data-secret=\"24txThHhG2\">\n<p><a href=\"https:\/\/observador.pt\/2025\/10\/14\/60-votos-ficaram-por-contar-em-sao-domingos-de-benfica-cdu-admite-pedir-recontagem\/\" rel=\"nofollow noopener\" target=\"_blank\">60 votos ficaram por contar em S\u00e3o Domingos de Benfica. CDU admite recontagem, mas pode nem precisar dela<\/a><\/p>\n<\/blockquote>\n<p>Essa assembleia, realizada na ter\u00e7a-feira, ocorre normalmente depois de cada elei\u00e7\u00e3o para avaliar (e apresentar eventuais protestos) a forma como decorreu a vota\u00e7\u00e3o. Nessa ocasi\u00e3o, a CDU defendeu que fossem contabilizados os tais votos \u201cque n\u00e3o chegaram a ser contados\u201d e que poderiam alterar os resultados finais.<\/p>\n<p>Tal reflexo nos resultados finais pode acontecer porque a j\u00e1 referida decis\u00e3o da CNE de remeter a contagem para a assembleia de ter\u00e7a-feira englobava os tr\u00eas votos: Assembleia Municipal, Assembleia de Freguesia e C\u00e2mara Municipal. Se nas duas primeiras n\u00e3o h\u00e1 quest\u00e3o \u2014 a CDU teve mais 194 votos que o Chega na Assembleia de Freguesia; o partido de Andr\u00e9 Ventura teve mais 793 que o de Paulo Raimundo para a Assembleia Municipal \u2014, o mesmo n\u00e3o se pode dizer sobre a elei\u00e7\u00e3o de vereadores.<\/p>\n<p>Na vota\u00e7\u00e3o para a autarquia, o Chega ficou 11 votos \u00e0 frente da CDU e, pelo m\u00e9todo de Hondt, conseguiu eleger dois mandatos e os comunistas apenas um. Assim, estes votos podem alterar a contagem de vereadores. A candidatura encabe\u00e7ada por Jo\u00e3o Ferreira j\u00e1 fez saber que exige a recontagem dos votos. Bruno Mascarenhas, do Chega, acusou o advers\u00e1rio de \u201ctentar vencer na secretaria\u201d e \u201calterar (\u2026) o voto popular\u201d.<\/p>\n<p><strong>[Apesar da euforia em torno de Freitas, Soares recupera. O debate com Zenha ser\u00e1 decisivo. Quando acabar, nunca mais ser\u00e3o amigos.\u00a0A\u00a0<a href=\"https:\/\/observador.pt\/programas\/a-eleio-mais-louca-de-sempre\/episodio-3-ele-nao-e-meu-irmao\/\" rel=\"nofollow noopener\" target=\"_blank\">\u201cElei\u00e7\u00e3o Mais Louca de Sempre\u201d<\/a>\u00a0\u00e9 o novo Podcast Plus do Observador sobre as Presidenciais de 1986. Uma s\u00e9rie narrada pelo ator Gon\u00e7alo Waddington, com banda sonora original de Samuel \u00daria. Pode ouvir\u00a0<a href=\"https:\/\/observador.pt\/programas\/a-eleio-mais-louca-de-sempre\/episodio-3-ele-nao-e-meu-irmao\/\" target=\"_blank\" rel=\"noopener nofollow\">aqui<\/a>, no\u00a0Observador, e tamb\u00e9m na\u00a0<a href=\"https:\/\/podcasts.apple.com\/pt\/podcast\/epis%C3%B3dio-3-ele-n%C3%A3o-%C3%A9-meu-irm%C3%A3o\/id1841273464?i=1000731696598\" target=\"_blank\" rel=\"noopener nofollow\">Apple Podcasts<\/a>, no\u00a0<a href=\"https:\/\/open.spotify.com\/episode\/46BVbcvVdeR0JAPt0QqY3V?si=66ce21905d6c443c\" target=\"_blank\" rel=\"noopener nofollow\">Spotify<\/a>\u00a0e no\u00a0<a href=\"https:\/\/music.youtube.com\/watch?v=FAhQNHEr5Tc&amp;si=yiJlZG-PAvTSgxsu\" target=\"_blank\" rel=\"noopener nofollow\">Youtube Music<\/a>. E pode ouvir o primeiro epis\u00f3dio\u00a0<a href=\"https:\/\/observador.pt\/programas\/a-eleio-mais-louca-de-sempre\/estreia-a-eleicao-mais-louca-de-sempre-episodio-1-apostamos-no-cavalo-errado\/\" rel=\"nofollow noopener\" target=\"_blank\">aqui<\/a>\u00a0e o segundo\u00a0<a href=\"https:\/\/observador.pt\/programas\/a-eleio-mais-louca-de-sempre\/episodio-2-uma-traicao-inesperada\/\" rel=\"nofollow noopener\" target=\"_blank\">aqui<\/a>]<\/strong><\/p>\n<p><a href=\"https:\/\/observador.pt\/programas\/a-eleio-mais-louca-de-sempre\/episodio-3-ele-nao-e-meu-irmao\/\" rel=\"nofollow noopener\" target=\"_blank\"><\/p>\n<p>        <img src=\"https:\/\/www.europesays.com\/pt\/wp-content\/uploads\/2025\/10\/770-a-eleicao-mais-louca-de-sempre-playicon.png\" alt=\"\" loading=\"lazy\" decoding=\"async\" class=\"alignnone\" onload=\"this.parentElement.classList.remove('spinner')\" onerror=\"this.parentElement.classList.remove('spinner')\" width=\"770\" height=\"433\"\/>    <\/p>\n<p><\/a><\/p>\n","protected":false},"excerpt":{"rendered":"A C\u00e2mara Municipal de Lisboa assumiu a responsabilidade pelo erro de impress\u00e3o de alguns boletins de voto na&hellip;\n","protected":false},"author":2,"featured_media":114342,"comment_status":"","ping_status":"","sticky":false,"template":"","format":"standard","meta":{"footnotes":""},"categories":[10],"tags":[2163,27,28,4861,6171,1077,15,16,14,25,26,797,21,22,12,13,19,20,3369,57,3596,302,32,23,24,33,58,17,18,29,30,31],"class_list":{"0":"post-114341","1":"post","2":"type-post","3":"status-publish","4":"format-standard","5":"has-post-thumbnail","7":"category-portugal","8":"tag-autu00e1rquicas-2025","9":"tag-breaking-news","10":"tag-breakingnews","11":"tag-cdu","12":"tag-cu00e2mara-municipal-lisboa","13":"tag-eleiu00e7u00f5es","14":"tag-featured-news","15":"tag-featurednews","16":"tag-headlines","17":"tag-latest-news","18":"tag-latestnews","19":"tag-lisboa","20":"tag-main-news","21":"tag-mainnews","22":"tag-news","23":"tag-noticias","24":"tag-noticias-principais","25":"tag-noticiasprincipais","26":"tag-partido-chega","27":"tag-pau00eds","28":"tag-pcp","29":"tag-polu00edtica","30":"tag-portugal","31":"tag-principais-noticias","32":"tag-principaisnoticias","33":"tag-pt","34":"tag-sociedade","35":"tag-top-stories","36":"tag-topstories","37":"tag-ultimas","38":"tag-ultimas-noticias","39":"tag-ultimasnoticias"},"share_on_mastodon":{"url":"","error":""},"_links":{"self":[{"href":"https:\/\/www.europesays.com\/pt\/wp-json\/wp\/v2\/posts\/114341","targetHints":{"allow":["GET"]}}],"collection":[{"href":"https:\/\/www.europesays.com\/pt\/wp-json\/wp\/v2\/posts"}],"about":[{"href":"https:\/\/www.europesays.com\/pt\/wp-json\/wp\/v2\/types\/post"}],"author":[{"embeddable":true,"href":"https:\/\/www.europesays.com\/pt\/wp-json\/wp\/v2\/users\/2"}],"replies":[{"embeddable":true,"href":"https:\/\/www.europesays.com\/pt\/wp-json\/wp\/v2\/comments?post=114341"}],"version-history":[{"count":0,"href":"https:\/\/www.europesays.com\/pt\/wp-json\/wp\/v2\/posts\/114341\/revisions"}],"wp:featuredmedia":[{"embeddable":true,"href":"https:\/\/www.europesays.com\/pt\/wp-json\/wp\/v2\/media\/114342"}],"wp:attachment":[{"href":"https:\/\/www.europesays.com\/pt\/wp-json\/wp\/v2\/media?parent=114341"}],"wp:term":[{"taxonomy":"category","embeddable":true,"href":"https:\/\/www.europesays.com\/pt\/wp-json\/wp\/v2\/categories?post=114341"},{"taxonomy":"post_tag","embeddable":true,"href":"https:\/\/www.europesays.com\/pt\/wp-json\/wp\/v2\/tags?post=114341"}],"curies":[{"name":"wp","href":"https:\/\/api.w.org\/{rel}","templated":true}]}}