{"id":114343,"date":"2025-10-17T08:51:12","date_gmt":"2025-10-17T08:51:12","guid":{"rendered":"https:\/\/www.europesays.com\/pt\/114343\/"},"modified":"2025-10-17T08:51:12","modified_gmt":"2025-10-17T08:51:12","slug":"mexico-anuncia-particular-com-portugal-em-marco","status":"publish","type":"post","link":"https:\/\/www.europesays.com\/pt\/114343\/","title":{"rendered":"M\u00e9xico anuncia particular com Portugal em mar\u00e7o"},"content":{"rendered":"<p>A federa\u00e7\u00e3o mexicana anunciou ter quase fechada a presen\u00e7a da sele\u00e7\u00e3o portuguesa para defrontar o <a class=\"autolink-enabled\" data-resource-id=\"19187\" data-resource-type=\"team\" data-sport=\"football\" href=\"https:\/\/www.abola.pt\/futebol\/mexico-19187\" rel=\"nofollow noopener\" target=\"_blank\">M\u00e9xico<\/a> na reabertura do Est\u00e1dio Azteca, na capital mexicana, a 28 de mar\u00e7o.<\/p>\n<p>O\u00a0l\u00edder da Federa\u00e7\u00e3o mexicana de Futebol, Mikel Arriola, disse que falta apenas acertar alguns pormenores.<\/p>\n<p>\u00abSabemos que <a class=\"autolink-enabled\" data-resource-id=\"1651\" data-resource-type=\"team\" data-sport=\"football\" href=\"https:\/\/www.abola.pt\/futebol\/portugal-1651\" rel=\"nofollow noopener\" target=\"_blank\">Portugal<\/a> est\u00e1 a ultimar a sua qualifica\u00e7\u00e3o; os pormenores t\u00e9cnicos ainda est\u00e3o pendentes, mas sim, est\u00e1 tudo quase finalizado para que <a class=\"autolink-enabled\" data-resource-id=\"1651\" data-resource-type=\"team\" data-sport=\"football\" href=\"https:\/\/www.abola.pt\/futebol\/portugal-1651\" rel=\"nofollow noopener\" target=\"_blank\">Portugal<\/a> esteja presente na reabertura do Est\u00e1dio Azteca\u00bb, anunciou o dirigente.<\/p>\n<p>Arriola revelou que a presen\u00e7a de Cristiano Ronaldo \u00e9 requisito. \u00abO mais prov\u00e1vel \u00e9 que seja Portugal. Faltam apenas alguns detalhes, mas eu diria que j\u00e1 est\u00e1 fechado. Vejo o Cristiano sempre com vontade de estar presente e isso faz parte do contrato. Se estiver em condi\u00e7\u00f5es, jogar\u00e1\u00bb, afirmou, referindo que defrontar advers\u00e1rios de n\u00edvel elevado faz parte da prepara\u00e7\u00e3o de um dos anfitri\u00f5es do Mundial, a par de EUA e Canad\u00e1.<\/p>\n<p>O Est\u00e1dio Azteca, na Cidade do M\u00e9xico, ser\u00e1 palco da inaugura\u00e7\u00e3o do Mundial 2026, a 11 de junho.<\/p>\n<p>Mikel Arriola acrescentou que o selecionador Javier Aguirre solicitou a realiza\u00e7\u00e3o de jogos de prepara\u00e7\u00e3o na Am\u00e9rica Central \u00abpara submeter os jogadores a condi\u00e7\u00f5es adversas e extremas\u00bb.<\/p>\n<p>Os pr\u00f3ximos particulares do M\u00e9xico ser\u00e3o contra o Uruguai, a 15 de novembro, e depois contra o Paraguai.<\/p>\n<p>\u00abO plano \u00e9 jogos de categoria A. J\u00e1 jog\u00e1mos contra a \u00c1sia, o Jap\u00e3o, e estamos na fase final de quatro jogos com a Conmebol. O Javier est\u00e1 a procurar os perfis, comprometemo-nos a maximizar o resultado\u00bb, explicou Arriola.<\/p>\n<p><a target=\"_blank\" class=\"editor-link Hyperlink SCXW223274157 BCX8\" href=\"https:\/\/profile.google.com\/cp\/CgkvbS8wNWNjOHQ?pf=0\" rel=\"nofollow noopener\">Siga o perfil de A BOLA no Google<\/a>\u00a0<\/p>\n","protected":false},"excerpt":{"rendered":"A federa\u00e7\u00e3o mexicana anunciou ter quase fechada a presen\u00e7a da sele\u00e7\u00e3o portuguesa para defrontar o M\u00e9xico na reabertura&hellip;\n","protected":false},"author":2,"featured_media":114344,"comment_status":"","ping_status":"","sticky":false,"template":"","format":"standard","meta":{"footnotes":""},"categories":[8],"tags":[27,28,15,16,14,25,26,21,22,12,13,19,20,32,23,24,33,17,18,29,30,31],"class_list":{"0":"post-114343","1":"post","2":"type-post","3":"status-publish","4":"format-standard","5":"has-post-thumbnail","7":"category-principais-noticias","8":"tag-breaking-news","9":"tag-breakingnews","10":"tag-featured-news","11":"tag-featurednews","12":"tag-headlines","13":"tag-latest-news","14":"tag-latestnews","15":"tag-main-news","16":"tag-mainnews","17":"tag-news","18":"tag-noticias","19":"tag-noticias-principais","20":"tag-noticiasprincipais","21":"tag-portugal","22":"tag-principais-noticias","23":"tag-principaisnoticias","24":"tag-pt","25":"tag-top-stories","26":"tag-topstories","27":"tag-ultimas","28":"tag-ultimas-noticias","29":"tag-ultimasnoticias"},"share_on_mastodon":{"url":"","error":""},"_links":{"self":[{"href":"https:\/\/www.europesays.com\/pt\/wp-json\/wp\/v2\/posts\/114343","targetHints":{"allow":["GET"]}}],"collection":[{"href":"https:\/\/www.europesays.com\/pt\/wp-json\/wp\/v2\/posts"}],"about":[{"href":"https:\/\/www.europesays.com\/pt\/wp-json\/wp\/v2\/types\/post"}],"author":[{"embeddable":true,"href":"https:\/\/www.europesays.com\/pt\/wp-json\/wp\/v2\/users\/2"}],"replies":[{"embeddable":true,"href":"https:\/\/www.europesays.com\/pt\/wp-json\/wp\/v2\/comments?post=114343"}],"version-history":[{"count":0,"href":"https:\/\/www.europesays.com\/pt\/wp-json\/wp\/v2\/posts\/114343\/revisions"}],"wp:featuredmedia":[{"embeddable":true,"href":"https:\/\/www.europesays.com\/pt\/wp-json\/wp\/v2\/media\/114344"}],"wp:attachment":[{"href":"https:\/\/www.europesays.com\/pt\/wp-json\/wp\/v2\/media?parent=114343"}],"wp:term":[{"taxonomy":"category","embeddable":true,"href":"https:\/\/www.europesays.com\/pt\/wp-json\/wp\/v2\/categories?post=114343"},{"taxonomy":"post_tag","embeddable":true,"href":"https:\/\/www.europesays.com\/pt\/wp-json\/wp\/v2\/tags?post=114343"}],"curies":[{"name":"wp","href":"https:\/\/api.w.org\/{rel}","templated":true}]}}