{"id":114347,"date":"2025-10-17T08:54:12","date_gmt":"2025-10-17T08:54:12","guid":{"rendered":"https:\/\/www.europesays.com\/pt\/114347\/"},"modified":"2025-10-17T08:54:12","modified_gmt":"2025-10-17T08:54:12","slug":"professora-universitaria-e-deputada-hemingarda-fernandes-lanca-livro-o-preco-da-entrega-esta-tarde-em-luanda-rna","status":"publish","type":"post","link":"https:\/\/www.europesays.com\/pt\/114347\/","title":{"rendered":"Professora universit\u00e1ria e deputada Hemingarda Fernandes lan\u00e7a livro \u201cO Pre\u00e7o da Entrega\u201d, esta tarde em Luanda \u2013 RNA"},"content":{"rendered":"<p><img decoding=\"async\" loading=\"lazy\" class=\"alignnone size-medium wp-image-195585\" src=\"https:\/\/www.europesays.com\/pt\/wp-content\/uploads\/2025\/10\/IMG_0542-770x770.jpeg\" alt=\"\" width=\"770\" height=\"770\"  \/>O mercado liter\u00e1rio angolano recebe, na tarde de hoje, mais uma obra de matriz acad\u00e9mico-social.<\/p>\n<p>Intitulada \u201cO Pre\u00e7o da Entrega\u201d, a obra \u00e9 da autoria da professora universit\u00e1ria e deputada \u00e0 Assembleia Nacional, Hemingarda Fernandes, e conta com mais de cem p\u00e1ginas.<\/p>\n<p>Editado pela Oficinas das Ideias, o livro ser\u00e1 apresentado \u00e0s 16 horas, no Edif\u00edcio Kilamba, situado na nova marginal de Luanda.<\/p>\n<p>Hemingarda Fernandes descreve o livro como \u201cum hino sobre aquilo que deve ser a reflex\u00e3o do quotidiano\u201d, propondo uma leitura cr\u00edtica sobre temas que marcam a realidade social do pa\u00eds. Clique no \u00e1udio e ou\u00e7a:<\/p>\n<p>\u00a0<\/p>\n","protected":false},"excerpt":{"rendered":"O mercado liter\u00e1rio angolano recebe, na tarde de hoje, mais uma obra de matriz acad\u00e9mico-social. Intitulada \u201cO Pre\u00e7o&hellip;\n","protected":false},"author":2,"featured_media":114348,"comment_status":"","ping_status":"","sticky":false,"template":"","format":"standard","meta":{"footnotes":""},"categories":[143],"tags":[169,114,115,170,32,33],"class_list":{"0":"post-114347","1":"post","2":"type-post","3":"status-publish","4":"format-standard","5":"has-post-thumbnail","7":"category-livros","8":"tag-books","9":"tag-entertainment","10":"tag-entretenimento","11":"tag-livros","12":"tag-portugal","13":"tag-pt"},"share_on_mastodon":{"url":"","error":""},"_links":{"self":[{"href":"https:\/\/www.europesays.com\/pt\/wp-json\/wp\/v2\/posts\/114347","targetHints":{"allow":["GET"]}}],"collection":[{"href":"https:\/\/www.europesays.com\/pt\/wp-json\/wp\/v2\/posts"}],"about":[{"href":"https:\/\/www.europesays.com\/pt\/wp-json\/wp\/v2\/types\/post"}],"author":[{"embeddable":true,"href":"https:\/\/www.europesays.com\/pt\/wp-json\/wp\/v2\/users\/2"}],"replies":[{"embeddable":true,"href":"https:\/\/www.europesays.com\/pt\/wp-json\/wp\/v2\/comments?post=114347"}],"version-history":[{"count":0,"href":"https:\/\/www.europesays.com\/pt\/wp-json\/wp\/v2\/posts\/114347\/revisions"}],"wp:featuredmedia":[{"embeddable":true,"href":"https:\/\/www.europesays.com\/pt\/wp-json\/wp\/v2\/media\/114348"}],"wp:attachment":[{"href":"https:\/\/www.europesays.com\/pt\/wp-json\/wp\/v2\/media?parent=114347"}],"wp:term":[{"taxonomy":"category","embeddable":true,"href":"https:\/\/www.europesays.com\/pt\/wp-json\/wp\/v2\/categories?post=114347"},{"taxonomy":"post_tag","embeddable":true,"href":"https:\/\/www.europesays.com\/pt\/wp-json\/wp\/v2\/tags?post=114347"}],"curies":[{"name":"wp","href":"https:\/\/api.w.org\/{rel}","templated":true}]}}