{"id":11436,"date":"2025-08-01T11:31:14","date_gmt":"2025-08-01T11:31:14","guid":{"rendered":"https:\/\/www.europesays.com\/pt\/11436\/"},"modified":"2025-08-01T11:31:14","modified_gmt":"2025-08-01T11:31:14","slug":"prisao-efetiva-de-3-anos-e-9-meses","status":"publish","type":"post","link":"https:\/\/www.europesays.com\/pt\/11436\/","title":{"rendered":"Pris\u00e3o Efetiva de 3 Anos e 9 Meses"},"content":{"rendered":"<p>O Tribunal de S\u00e3o Jo\u00e3o Novo, no Porto, sentenciou esta quinta-feira Fernando Madureira, antigo l\u00edder da claque Super Drag\u00f5es, a tr\u00eas anos e nove meses de pris\u00e3o efetiva, no \u00e2mbito da Opera\u00e7\u00e3o Pretoriano. A maioria dos restantes arguidos receberam penas de pris\u00e3o suspensas, entre eles a mulher de Fernando Madureira, Sandra.  <\/p>\n<p>Fernando Madureira, conhecido por &#8216;Macaco&#8217; no meio desportivo, foi condenado a <strong>3 anos e 9 meses de pris\u00e3o efetiva<\/strong> e ficar\u00e1 ainda <strong>dois anos proibido de entrar em recintos desportivos<\/strong>. A sua mulher, <strong>Sandra Madureira<\/strong>, foi punida com <strong>2 anos e 8 meses de pris\u00e3o, com pena suspensa, e<\/strong> <strong>1 ano e meio de interdi\u00e7\u00e3o de acesso a recintos desportivos<\/strong>.<\/p>\n<p>O coletivo de ju\u00edzes considerou provado que os arguidos atuaram sob um plano previamente delineado por Madureira com o objetivo de intimidar s\u00f3cios e limitar a sua liberdade.<\/p>\n<p>Os arguidos foram ilibados dos crimes de coa\u00e7\u00e3o agravada, mas a maioria foi condenada por cinco crimes, entre os quais se incluem ofensas corporais, coa\u00e7\u00e3o, amea\u00e7a e amea\u00e7a agravada. Um dos arguidos, V\u00edtor Cat\u00e3o, foi ainda condenado por um crime contra a liberdade de imprensa.<\/p>\n<p>Dois dos envolvidos, Fernando Saul (antigo oficial de liga\u00e7\u00e3o do FC Porto) e Jos\u00e9 Dias, foram absolvidos de todas as acusa\u00e7\u00f5es.<\/p>\n<p>Segundo o tribunal, a prova baseou-se em documentos, per\u00edcias, mensagens, v\u00eddeos e outros elementos recolhidos durante a investiga\u00e7\u00e3o. <\/p>\n<p><strong>As senten\u00e7as do tribunal<\/strong>:<\/p>\n<p><strong>&#8211; Fernando Madureira<\/strong>: 3 anos e 9 meses de pris\u00e3o (efetiva), mais 2 anos de interdi\u00e7\u00e3o em recintos desportivos<\/p>\n<p><strong>&#8211; Sandra Madureira<\/strong>: 2 anos e 8 meses de pris\u00e3o (suspensa), com 6 meses de interdi\u00e7\u00e3o<\/p>\n<p><strong>&#8211; Hugo Loureiro<\/strong>: 4 anos e 1 m\u00eas de pris\u00e3o (suspensa), 1 ano e meio de interdi\u00e7\u00e3o<\/p>\n<p><strong>&#8211; V\u00edtor Cat\u00e3o<\/strong>: 3 anos e meio de pris\u00e3o (suspensa), 1 ano e meio de interdi\u00e7\u00e3o<\/p>\n<p><strong>&#8211; V\u00edtor Aleixo (filho)<\/strong>: 3 anos e 3 meses de pris\u00e3o (suspensa), 1 ano e meio de interdi\u00e7\u00e3o<\/p>\n<p><strong>&#8211; V\u00edtor Aleixo (pai)<\/strong>: 2 anos e 10 meses de pris\u00e3o (suspensa), 1 ano e meio de interdi\u00e7\u00e3o<\/p>\n<p><strong>&#8211; Carlos Jamaica<\/strong>: 2 anos e 10 meses de pris\u00e3o (suspensa), 1 ano e meio de interdi\u00e7\u00e3o<\/p>\n<p><strong>&#8211; Jos\u00e9 Pereira<\/strong>: 2 anos e 10 meses de pris\u00e3o (suspensa), 1 ano e meio de interdi\u00e7\u00e3o<\/p>\n<p><strong>&#8211; Hugo Polaco<\/strong>: 2 anos e 9 meses de pris\u00e3o (suspensa)<\/p>\n<p><strong>&#8211; Fernando Saul<\/strong> e <strong>Jos\u00e9 Dias<\/strong>: absolvidos<\/p>\n<p><strong>FC Porto reage em comunicado<\/strong><\/p>\n<p>Ap\u00f3s a senten\u00e7a proferida pelo coletivo de ju\u00edzes, o FC Porto reagiu em comunicado, salientando que &#8220;resultou provada a exist\u00eancia de um plano previamente delineado para condicionar a liberdade associativa, o que jamais pode ser aceite pelo FC Porto&#8221;.<\/p>\n<p>Relembre-se que a Opera\u00e7\u00e3o Pretoriano diz respeito aos atos ocorridos na Assembleia Geral do FC Porto realizada no dia 13 de novembro de 2023, na ponta final da longa presid\u00eancia de Pinto da Costa. <\/p>\n<p>&#8220;\u00c9 dever do FC Porto assegurar aos seus s\u00f3cios as condi\u00e7\u00f5es para que todos possam ter voz e participar livre e esclarecidamente na sua vida associativa.&#8221;<\/p>\n","protected":false},"excerpt":{"rendered":"O Tribunal de S\u00e3o Jo\u00e3o Novo, no Porto, sentenciou esta quinta-feira Fernando Madureira, antigo l\u00edder da claque Super&hellip;\n","protected":false},"author":2,"featured_media":11437,"comment_status":"","ping_status":"","sticky":false,"template":"","format":"standard","meta":{"footnotes":""},"categories":[87],"tags":[135,4859,4858,32,694,33,134,299],"class_list":{"0":"post-11436","1":"post","2":"type-post","3":"status-publish","4":"format-standard","5":"has-post-thumbnail","7":"category-desporto","8":"tag-desporto","9":"tag-fernando-madureira","10":"tag-operacao-pretoriano","11":"tag-portugal","12":"tag-prisao","13":"tag-pt","14":"tag-sports","15":"tag-tribunal"},"share_on_mastodon":{"url":"","error":""},"_links":{"self":[{"href":"https:\/\/www.europesays.com\/pt\/wp-json\/wp\/v2\/posts\/11436","targetHints":{"allow":["GET"]}}],"collection":[{"href":"https:\/\/www.europesays.com\/pt\/wp-json\/wp\/v2\/posts"}],"about":[{"href":"https:\/\/www.europesays.com\/pt\/wp-json\/wp\/v2\/types\/post"}],"author":[{"embeddable":true,"href":"https:\/\/www.europesays.com\/pt\/wp-json\/wp\/v2\/users\/2"}],"replies":[{"embeddable":true,"href":"https:\/\/www.europesays.com\/pt\/wp-json\/wp\/v2\/comments?post=11436"}],"version-history":[{"count":0,"href":"https:\/\/www.europesays.com\/pt\/wp-json\/wp\/v2\/posts\/11436\/revisions"}],"wp:featuredmedia":[{"embeddable":true,"href":"https:\/\/www.europesays.com\/pt\/wp-json\/wp\/v2\/media\/11437"}],"wp:attachment":[{"href":"https:\/\/www.europesays.com\/pt\/wp-json\/wp\/v2\/media?parent=11436"}],"wp:term":[{"taxonomy":"category","embeddable":true,"href":"https:\/\/www.europesays.com\/pt\/wp-json\/wp\/v2\/categories?post=11436"},{"taxonomy":"post_tag","embeddable":true,"href":"https:\/\/www.europesays.com\/pt\/wp-json\/wp\/v2\/tags?post=11436"}],"curies":[{"name":"wp","href":"https:\/\/api.w.org\/{rel}","templated":true}]}}