{"id":114361,"date":"2025-10-17T09:02:28","date_gmt":"2025-10-17T09:02:28","guid":{"rendered":"https:\/\/www.europesays.com\/pt\/114361\/"},"modified":"2025-10-17T09:02:28","modified_gmt":"2025-10-17T09:02:28","slug":"alemanha-volta-a-dar-subsidio-para-compra-de-carros-eletricos","status":"publish","type":"post","link":"https:\/\/www.europesays.com\/pt\/114361\/","title":{"rendered":"Alemanha volta a dar subs\u00eddio para compra de carros el\u00e9tricos"},"content":{"rendered":"<p>A Alemanha vai reintroduzir, a partir de 1 de janeiro de 2026, um programa de subs\u00eddio (\u201cUmweltbonus\u201d) para a compra de carros el\u00e9tricos, com condi\u00e7\u00f5es mais r\u00edgidas que no passado.<\/p>\n<p><a target=\"_blank\" href=\"https:\/\/pplware.sapo.pt\/wp-content\/uploads\/2025\/08\/quizz_eletricos01.webp\" rel=\"nofollow noopener\"><img fetchpriority=\"high\" decoding=\"async\" src=\"https:\/\/www.europesays.com\/pt\/wp-content\/uploads\/2025\/08\/quizz_eletricos01-720x405.webp.webp\" alt=\"\" width=\"720\" height=\"405\" class=\"aligncenter size-medium wp-image-1072831\"  \/><\/a><\/p>\n<p>Depois de um per\u00edodo de incerteza e da suspens\u00e3o dos apoios \u00e0 compra de ve\u00edculos el\u00e9tricos, a Alemanha prepara-se para relan\u00e7ar o seu programa de incentivos em 2026.<\/p>\n<p>O novo pacote de medidas, mais direcionado e sustent\u00e1vel, pretende acelerar novamente a transi\u00e7\u00e3o energ\u00e9tica no setor autom\u00f3vel, apoiando fam\u00edlias de rendimentos m\u00e9dios e baixos, bem como empresas que apostem na mobilidade el\u00e9trica.<\/p>\n<p>Com subs\u00eddios diretos \u00e0 compra, benef\u00edcios fiscais e isen\u00e7\u00f5es prolongadas, Berlim quer manter o pa\u00eds na linha da frente da eletrifica\u00e7\u00e3o europeia e garantir que os ve\u00edculos el\u00e9tricos se tornam uma op\u00e7\u00e3o acess\u00edvel para todos.<\/p>\n<p><a target=\"_blank\" href=\"https:\/\/pplware.sapo.pt\/wp-content\/uploads\/2024\/03\/eletricos_alemanha00.jpg\" onclick=\"refreshIframe()\" class=\"foobox\" rel=\"nofollow noopener\"><img loading=\"lazy\" decoding=\"async\" src=\"https:\/\/www.europesays.com\/pt\/wp-content\/uploads\/2025\/10\/eletricos_alemanha00-720x405.jpg\" alt=\"\" width=\"720\" height=\"405\" class=\"aligncenter size-medium wp-image-980918\"  \/><\/a><\/p>\n<p>Programa para compra de carros el\u00e9tricos &#8220;oferece&#8221; 4.000 euros por ve\u00edculo<\/p>\n<ul>\n<li>O subs\u00eddio ser\u00e1 de at\u00e9 4.000 euros por ve\u00edculo novo totalmente el\u00e9trico.<\/li>\n<li>O pre\u00e7o l\u00edquido de cat\u00e1logo (\u201cNetto-Listenpreis\u201d) do ve\u00edculo deve ser inferior a 45.000 euros para se qualificar.<\/li>\n<li>Haver\u00e1 um limite de rendimento bruto mensal para quem requerer o subs\u00eddio, para beneficiar principalmente fam\u00edlias de renda baixa ou m\u00e9dia. Um valor frequentemente mencionado \u00e9 cerca de 3.800 euros brutos por m\u00eas.<\/li>\n<li>Carros usados el\u00e9tricos tamb\u00e9m ser\u00e3o inclu\u00eddos pela primeira vez no programa de subs\u00eddios.<\/li>\n<li>H\u00edbridos plug-in (plug-in hybrids) n\u00e3o ser\u00e3o eleg\u00edveis \u2014 apenas ve\u00edculos 100% el\u00e9tricos.<\/li>\n<\/ul>\n<p>A isen\u00e7\u00e3o do imposto de circula\u00e7\u00e3o de ve\u00edculos (\u201cKfz-Steuerbefreiung\u201d) para carros el\u00e9tricos est\u00e1 sendo estendida at\u00e9 <strong data-start=\"1519\" data-end=\"1527\">2035<\/strong>, para ve\u00edculos que forem primeiro registados at\u00e9 31 de dezembro de 2030.<\/p>\n<p>O novo programa ser\u00e1 financiado com recursos do Fundo de Clima e Transforma\u00e7\u00e3o (Climate &amp; Transformation Fund) e do Fundo Social Clim\u00e1tico da Uni\u00e3o Europeia.<\/p>\n","protected":false},"excerpt":{"rendered":"A Alemanha vai reintroduzir, a partir de 1 de janeiro de 2026, um programa de subs\u00eddio (\u201cUmweltbonus\u201d) para&hellip;\n","protected":false},"author":2,"featured_media":49847,"comment_status":"","ping_status":"","sticky":false,"template":"","format":"standard","meta":{"footnotes":""},"categories":[83],"tags":[88,19409,89,90,32,33],"class_list":{"0":"post-114361","1":"post","2":"type-post","3":"status-publish","4":"format-standard","5":"has-post-thumbnail","7":"category-empresas","8":"tag-business","9":"tag-carros-eletricos","10":"tag-economy","11":"tag-empresas","12":"tag-portugal","13":"tag-pt"},"share_on_mastodon":{"url":"","error":""},"_links":{"self":[{"href":"https:\/\/www.europesays.com\/pt\/wp-json\/wp\/v2\/posts\/114361","targetHints":{"allow":["GET"]}}],"collection":[{"href":"https:\/\/www.europesays.com\/pt\/wp-json\/wp\/v2\/posts"}],"about":[{"href":"https:\/\/www.europesays.com\/pt\/wp-json\/wp\/v2\/types\/post"}],"author":[{"embeddable":true,"href":"https:\/\/www.europesays.com\/pt\/wp-json\/wp\/v2\/users\/2"}],"replies":[{"embeddable":true,"href":"https:\/\/www.europesays.com\/pt\/wp-json\/wp\/v2\/comments?post=114361"}],"version-history":[{"count":0,"href":"https:\/\/www.europesays.com\/pt\/wp-json\/wp\/v2\/posts\/114361\/revisions"}],"wp:featuredmedia":[{"embeddable":true,"href":"https:\/\/www.europesays.com\/pt\/wp-json\/wp\/v2\/media\/49847"}],"wp:attachment":[{"href":"https:\/\/www.europesays.com\/pt\/wp-json\/wp\/v2\/media?parent=114361"}],"wp:term":[{"taxonomy":"category","embeddable":true,"href":"https:\/\/www.europesays.com\/pt\/wp-json\/wp\/v2\/categories?post=114361"},{"taxonomy":"post_tag","embeddable":true,"href":"https:\/\/www.europesays.com\/pt\/wp-json\/wp\/v2\/tags?post=114361"}],"curies":[{"name":"wp","href":"https:\/\/api.w.org\/{rel}","templated":true}]}}