{"id":114364,"date":"2025-10-17T09:05:20","date_gmt":"2025-10-17T09:05:20","guid":{"rendered":"https:\/\/www.europesays.com\/pt\/114364\/"},"modified":"2025-10-17T09:05:20","modified_gmt":"2025-10-17T09:05:20","slug":"trump-ameaca-matar-militantes-do-hamas-se-as-execucoes-prosseguirem","status":"publish","type":"post","link":"https:\/\/www.europesays.com\/pt\/114364\/","title":{"rendered":"Trump amea\u00e7a matar militantes do Hamas se as execu\u00e7\u00f5es prosseguirem"},"content":{"rendered":"<p>O presidente dos Estados Unidos da Am\u00e9rica lan\u00e7ou hoje um aviso de guerra ao Hamas. Donald Trump amea\u00e7ou matar os militantes do movimento islamista caso n\u00e3o parem com as execu\u00e7\u00f5es em Gaza. &#8220;Se o Hamas continuar a matar pessoas em Gaza, o que n\u00e3o era o acordo, n\u00e3o teremos escolha a n\u00e3o ser ir l\u00e1 e mat\u00e1-los&#8221;, escreveu Trump na rede social Truth Social.<\/p>\n<p data-remotead-prev-elm=\"true\" data-remotead-elm-id=\"inread\">At\u00e9 agora, Trump tinha desvalorizado as a\u00e7\u00f5es vingativas do Hamas, mas hoje radicalizou o discurso, sem especificar como o pode fazer. Em causa as execu\u00e7\u00f5es que o grupo estar\u00e1 a realizar no territ\u00f3rio tendo como alvos alegados colaboradores de Israel e grupos que se dedicam a crimes.<\/p>\n","protected":false},"excerpt":{"rendered":"O presidente dos Estados Unidos da Am\u00e9rica lan\u00e7ou hoje um aviso de guerra ao Hamas. Donald Trump amea\u00e7ou&hellip;\n","protected":false},"author":2,"featured_media":114365,"comment_status":"","ping_status":"","sticky":false,"template":"","format":"standard","meta":{"footnotes":""},"categories":[8],"tags":[258,27,28,311,15,16,532,14,259,25,26,21,22,62,12,13,19,20,32,23,24,33,4783,17,18,29,30,31],"class_list":{"0":"post-114364","1":"post","2":"type-post","3":"status-publish","4":"format-standard","5":"has-post-thumbnail","7":"category-principais-noticias","8":"tag-benjamin-netanyahu","9":"tag-breaking-news","10":"tag-breakingnews","11":"tag-conflito-israelo-palestiniano","12":"tag-featured-news","13":"tag-featurednews","14":"tag-gaza","15":"tag-headlines","16":"tag-israel","17":"tag-latest-news","18":"tag-latestnews","19":"tag-main-news","20":"tag-mainnews","21":"tag-mundo","22":"tag-news","23":"tag-noticias","24":"tag-noticias-principais","25":"tag-noticiasprincipais","26":"tag-portugal","27":"tag-principais-noticias","28":"tag-principaisnoticias","29":"tag-pt","30":"tag-refens","31":"tag-top-stories","32":"tag-topstories","33":"tag-ultimas","34":"tag-ultimas-noticias","35":"tag-ultimasnoticias"},"share_on_mastodon":{"url":"","error":""},"_links":{"self":[{"href":"https:\/\/www.europesays.com\/pt\/wp-json\/wp\/v2\/posts\/114364","targetHints":{"allow":["GET"]}}],"collection":[{"href":"https:\/\/www.europesays.com\/pt\/wp-json\/wp\/v2\/posts"}],"about":[{"href":"https:\/\/www.europesays.com\/pt\/wp-json\/wp\/v2\/types\/post"}],"author":[{"embeddable":true,"href":"https:\/\/www.europesays.com\/pt\/wp-json\/wp\/v2\/users\/2"}],"replies":[{"embeddable":true,"href":"https:\/\/www.europesays.com\/pt\/wp-json\/wp\/v2\/comments?post=114364"}],"version-history":[{"count":0,"href":"https:\/\/www.europesays.com\/pt\/wp-json\/wp\/v2\/posts\/114364\/revisions"}],"wp:featuredmedia":[{"embeddable":true,"href":"https:\/\/www.europesays.com\/pt\/wp-json\/wp\/v2\/media\/114365"}],"wp:attachment":[{"href":"https:\/\/www.europesays.com\/pt\/wp-json\/wp\/v2\/media?parent=114364"}],"wp:term":[{"taxonomy":"category","embeddable":true,"href":"https:\/\/www.europesays.com\/pt\/wp-json\/wp\/v2\/categories?post=114364"},{"taxonomy":"post_tag","embeddable":true,"href":"https:\/\/www.europesays.com\/pt\/wp-json\/wp\/v2\/tags?post=114364"}],"curies":[{"name":"wp","href":"https:\/\/api.w.org\/{rel}","templated":true}]}}