{"id":114368,"date":"2025-10-17T09:07:08","date_gmt":"2025-10-17T09:07:08","guid":{"rendered":"https:\/\/www.europesays.com\/pt\/114368\/"},"modified":"2025-10-17T09:07:08","modified_gmt":"2025-10-17T09:07:08","slug":"por-que-o-retrato-fantasmagorico-desta-hiena-foi-a-melhor-foto-de-animais-selvagens-de-2025-national-geographic","status":"publish","type":"post","link":"https:\/\/www.europesays.com\/pt\/114368\/","title":{"rendered":"Por que o retrato fantasmag\u00f3rico desta hiena foi a melhor foto de animais selvagens de 2025? | National Geographic"},"content":{"rendered":"<p data-paragraph-id=\"3110849-1\" dir=\"ltr\">Noturnas e solit\u00e1rias,\u00a0<strong>as hienas marrons raramente s\u00e3o vistas<\/strong> e n\u00e3o s\u00e3o um tema f\u00e1cil de fotografar. No entanto, sabe-se que\u00a0<strong>elas viajam<\/strong> por Kolmanskop, um antigo<strong> assentamento de minera\u00e7\u00e3o de diamantes em ru\u00ednas<\/strong>, enquanto<strong> se dirigem para a costa do\u00a0<\/strong><a href=\"https:\/\/www.nationalgeographicbrasil.com\/meio-ambiente\/2025\/06\/deserto-do-saara-veja-4-fatos-surpreendentes-sobre-a-regiao-como-animais-dormentes-e-uma-fronteira-com-o-mar\" rel=\"nofollow noopener\" target=\"_blank\"><strong>deserto<\/strong><\/a><strong> de Namibe\u00a0<\/strong>em busca de\u00a0<strong>filhotes de focas\u00a0<\/strong>e carni\u00e7a levada pela mar\u00e9.<\/p>\n<p data-paragraph-id=\"3110849-2\" dir=\"ltr\">Percebendo que\u00a0<strong>essas hienas eram muito esquivas\u00a0<\/strong>para serem fotografadas pessoalmente,\u00a0<strong>van den Heever usou c\u00e2meras com sensores de movimento<\/strong> para\u00a0<strong>clic\u00e1-las remotamente<\/strong>. Isso trouxe uma\u00a0<strong>nova s\u00e9rie de desafios<\/strong> \u2014\u00a0<strong>desde a ilumina\u00e7\u00e3o at\u00e9 disparos falsos e enormes montes de areia\u00a0<\/strong>soprada do deserto.\u00a0<\/p>\n<p data-paragraph-id=\"3110849-3\" dir=\"ltr\"><strong>Dez anos depois de conceber a foto pela primeira vez<\/strong> e\u00a0<strong>ap\u00f3s muitos resultados decepcionantes<\/strong>, ele finalmente conseguiu sua foto. \u201cPosso dizer que dei cambalhotas?\u201d, diz van den Heever. \u201c<strong>Fiquei extremamente, extremamente feliz<\/strong>, n\u00e3o conseguia acreditar.\u201d<\/p>\n<p data-paragraph-id=\"3110849-4\" dir=\"ltr\">Para o fot\u00f3grafo,<strong> a imagem transmite uma mensagem simples: a vida selvagem n\u00e3o est\u00e1 separada ou distante de n\u00f3s<\/strong>.\u00a0\u201cMesmo em nossas cidades e ambientes urbanos, a natureza encontra uma maneira de conviver conosco, e\u00a0<strong>a coexist\u00eancia \u00e9 poss\u00edvel<\/strong> se estivermos dispostos a abra\u00e7\u00e1-la\u201d, diz ele. \u201cEssa \u00e9 basicamente a hist\u00f3ria que estou tentando contar.\u201d<\/p>\n","protected":false},"excerpt":{"rendered":"Noturnas e solit\u00e1rias,\u00a0as hienas marrons raramente s\u00e3o vistas e n\u00e3o s\u00e3o um tema f\u00e1cil de fotografar. No entanto,&hellip;\n","protected":false},"author":2,"featured_media":114369,"comment_status":"","ping_status":"","sticky":false,"template":"","format":"standard","meta":{"footnotes":""},"categories":[144],"tags":[1353,26874,207,205,206,203,201,202,204,114,115,2085,26875,26876,32,3304,33],"class_list":{"0":"post-114368","1":"post","2":"type-post","3":"status-publish","4":"format-standard","5":"has-post-thumbnail","7":"category-arte-e-design","8":"tag-animais","9":"tag-animais-selvagens","10":"tag-arte","11":"tag-arte-e-design","12":"tag-artedesign","13":"tag-arts","14":"tag-arts-and-design","15":"tag-artsanddesign","16":"tag-design","17":"tag-entertainment","18":"tag-entretenimento","19":"tag-fotografia","20":"tag-fotografia-da-vida-selvagem","21":"tag-hiena","22":"tag-portugal","23":"tag-premio","24":"tag-pt"},"share_on_mastodon":{"url":"","error":""},"_links":{"self":[{"href":"https:\/\/www.europesays.com\/pt\/wp-json\/wp\/v2\/posts\/114368","targetHints":{"allow":["GET"]}}],"collection":[{"href":"https:\/\/www.europesays.com\/pt\/wp-json\/wp\/v2\/posts"}],"about":[{"href":"https:\/\/www.europesays.com\/pt\/wp-json\/wp\/v2\/types\/post"}],"author":[{"embeddable":true,"href":"https:\/\/www.europesays.com\/pt\/wp-json\/wp\/v2\/users\/2"}],"replies":[{"embeddable":true,"href":"https:\/\/www.europesays.com\/pt\/wp-json\/wp\/v2\/comments?post=114368"}],"version-history":[{"count":0,"href":"https:\/\/www.europesays.com\/pt\/wp-json\/wp\/v2\/posts\/114368\/revisions"}],"wp:featuredmedia":[{"embeddable":true,"href":"https:\/\/www.europesays.com\/pt\/wp-json\/wp\/v2\/media\/114369"}],"wp:attachment":[{"href":"https:\/\/www.europesays.com\/pt\/wp-json\/wp\/v2\/media?parent=114368"}],"wp:term":[{"taxonomy":"category","embeddable":true,"href":"https:\/\/www.europesays.com\/pt\/wp-json\/wp\/v2\/categories?post=114368"},{"taxonomy":"post_tag","embeddable":true,"href":"https:\/\/www.europesays.com\/pt\/wp-json\/wp\/v2\/tags?post=114368"}],"curies":[{"name":"wp","href":"https:\/\/api.w.org\/{rel}","templated":true}]}}