{"id":114370,"date":"2025-10-17T09:09:13","date_gmt":"2025-10-17T09:09:13","guid":{"rendered":"https:\/\/www.europesays.com\/pt\/114370\/"},"modified":"2025-10-17T09:09:13","modified_gmt":"2025-10-17T09:09:13","slug":"casa-dos-segredos-na-cama-com-liliana-fabio-garante-sou-fiel-nunca-trai-uma-rapariga","status":"publish","type":"post","link":"https:\/\/www.europesays.com\/pt\/114370\/","title":{"rendered":"Casa dos Segredos &#8211; Na cama com Liliana, F\u00e1bio garante: &#8220;Sou fiel, nunca trai uma rapariga&#8221;"},"content":{"rendered":"<p>O clima de romance e incerteza continua a marcar o relacionamento de<strong> Liliana e F\u00e1bio<\/strong> dentro da <strong>Casa dos Segredos.<\/strong> Num momento mais \u00edntimo, os dois abriram o cora\u00e7\u00e3o e revelaram as suas inseguran\u00e7as em rela\u00e7\u00e3o ao futuro da rela\u00e7\u00e3o.<\/p>\n<p>Deitados na cama,\u00a0Liliana confessou ao companheiro:<strong> \u201cGostava de estar contigo l\u00e1 fora. Mas, ao mesmo tempo, tenho d\u00favidas, claro\u201d<\/strong>, deixando claro que, apesar da liga\u00e7\u00e3o evidente entre ambos, o sentimento vem acompanhado de receios.<\/p>\n<p>F\u00e1bio, por sua vez, n\u00e3o ficou indiferente e quis perceber o que se passava na cabe\u00e7a da concorrente. <strong>\u201cD\u00favidas em rela\u00e7\u00e3o a qu\u00ea? Se vou ser fiel l\u00e1 fora?\u201d<\/strong>, questionou, assegurando de seguida que a sua postura \u00e9 de respeito e lealdade. <strong>\u201cEu sou fiel, nunca trai uma rapariga, nunca bati numa rapariga&#8230;\u201d<\/strong>, garantiu.<\/p>\n<p>O concorrente fez ainda quest\u00e3o de sublinhar que age de acordo com os seus princ\u00edpios:<strong> \u201cH\u00e1 valores e princ\u00edpios que eu tenho. E n\u00e3o vou fazer as coisas por causa dos valores e princ\u00edpios\u201d,<\/strong> afirmou.<\/p>\n<p><strong>Leia ainda:<\/strong> <a href=\"https:\/\/www.novagente.pt\/casa-dos-segredos-ze-desilude-fas-pensa-em-reconciliacao-com-liliana-nao-me-estou-rebaixar\" rel=\"nofollow noopener\" target=\"_blank\">Z\u00e9 desilude f\u00e3s e pensa em reconcilia\u00e7\u00e3o com Liliana: &#8220;N\u00e3o me estou a rebaixar&#8221;<\/a><\/p>\n<p>Texto: Tiago Miguel Sim\u00f5es; Fotos: Instagram<\/p>\n<p class=\"intagram-text\">Siga a Nova Gente no Instagram<\/p>\n<p>                        <a href=\"https:\/\/www.instagram.com\/revistanovagente\/\" target=\"_blank\" aria-label=\"instagram\" rel=\"noopener nofollow\"><img decoding=\"async\" style=\"display: block; margin-left: auto; margin-right: auto; width: 250px; height: 83px;\" src=\"https:\/\/www.europesays.com\/pt\/wp-content\/uploads\/2025\/10\/Instagram_NG.png\" alt=\"instagram\"\/><\/a><br \/>\n                    <script async src=\"\/\/www.instagram.com\/embed.js\"><\/script><\/p>\n","protected":false},"excerpt":{"rendered":"O clima de romance e incerteza continua a marcar o relacionamento de Liliana e F\u00e1bio dentro da Casa&hellip;\n","protected":false},"author":2,"featured_media":114371,"comment_status":"","ping_status":"","sticky":false,"template":"","format":"standard","meta":{"footnotes":""},"categories":[142],"tags":[2632,114,115,19082,19016,32,33,151,162,975],"class_list":{"0":"post-114370","1":"post","2":"type-post","3":"status-publish","4":"format-standard","5":"has-post-thumbnail","7":"category-tv","8":"tag-casa-dos-segredos","9":"tag-entertainment","10":"tag-entretenimento","11":"tag-fabio","12":"tag-liliana","13":"tag-portugal","14":"tag-pt","15":"tag-tv","16":"tag-tvi","17":"tag-ze"},"share_on_mastodon":{"url":"","error":""},"_links":{"self":[{"href":"https:\/\/www.europesays.com\/pt\/wp-json\/wp\/v2\/posts\/114370","targetHints":{"allow":["GET"]}}],"collection":[{"href":"https:\/\/www.europesays.com\/pt\/wp-json\/wp\/v2\/posts"}],"about":[{"href":"https:\/\/www.europesays.com\/pt\/wp-json\/wp\/v2\/types\/post"}],"author":[{"embeddable":true,"href":"https:\/\/www.europesays.com\/pt\/wp-json\/wp\/v2\/users\/2"}],"replies":[{"embeddable":true,"href":"https:\/\/www.europesays.com\/pt\/wp-json\/wp\/v2\/comments?post=114370"}],"version-history":[{"count":0,"href":"https:\/\/www.europesays.com\/pt\/wp-json\/wp\/v2\/posts\/114370\/revisions"}],"wp:featuredmedia":[{"embeddable":true,"href":"https:\/\/www.europesays.com\/pt\/wp-json\/wp\/v2\/media\/114371"}],"wp:attachment":[{"href":"https:\/\/www.europesays.com\/pt\/wp-json\/wp\/v2\/media?parent=114370"}],"wp:term":[{"taxonomy":"category","embeddable":true,"href":"https:\/\/www.europesays.com\/pt\/wp-json\/wp\/v2\/categories?post=114370"},{"taxonomy":"post_tag","embeddable":true,"href":"https:\/\/www.europesays.com\/pt\/wp-json\/wp\/v2\/tags?post=114370"}],"curies":[{"name":"wp","href":"https:\/\/api.w.org\/{rel}","templated":true}]}}