{"id":114383,"date":"2025-10-17T09:17:17","date_gmt":"2025-10-17T09:17:17","guid":{"rendered":"https:\/\/www.europesays.com\/pt\/114383\/"},"modified":"2025-10-17T09:17:17","modified_gmt":"2025-10-17T09:17:17","slug":"filho-mais-velho-suspeito-da-morte-do-fundador-da-mango-observador","status":"publish","type":"post","link":"https:\/\/www.europesays.com\/pt\/114383\/","title":{"rendered":"Filho mais velho suspeito da morte do fundador da Mango \u2013 Observador"},"content":{"rendered":"<p>A investiga\u00e7\u00e3o sobre a morte de Isak Andic, fundador da Mango e um dos empres\u00e1rios mais ricos de Espanha, deu uma reviravolta dram\u00e1tica: o seu filho mais velho,\u00a0Jonathan Andic, \u00e9 agora o\u00a0principal suspeito de homic\u00eddio. O caso, inicialmente tratado como um acidente de montanha em Montserrat, foi reaberto depois de a pol\u00edcia catal\u00e3 ter detetado\u00a0contradi\u00e7\u00f5es nos depoimentos\u00a0do herdeiro e recolhido\u00a0novas provas que levantam d\u00favidas\u00a0sobre a vers\u00e3o original dos acontecimentos.\u200b<\/p>\n<p>O epis\u00f3dio ocorreu a\u00a014 de dezembro de 2024, quando Isak, de 71 anos, caiu de um desn\u00edvel de cerca de\u00a0150 metros, sem testemunhas, enquanto fazia uma caminhada com Jonathan. Embora o processo tenha sido provisoriamente arquivado, a investiga\u00e7\u00e3o foi retomada ap\u00f3s declara\u00e7\u00f5es de\u00a0Estefan\u00eda Knuth, companheira de Andic, que descreveu\u00a0rela\u00e7\u00f5es tensas entre pai e filho. As autoridades analisam agora imagens de videovigil\u00e2ncia e elementos recolhidos no local para determinar se houve de facto crime.\u200b<\/p>\n<p>Enquanto o inqu\u00e9rito decorre sob\u00a0segredo de justi\u00e7a, a fam\u00edlia mant\u00e9m-se em sil\u00eancio, afirmando confiar na inoc\u00eancia de Jonathan e na Justi\u00e7a espanhola. A morte de Andic provocou impacto profundo na estrutura da empresa Mango; ap\u00f3s o seu falecimento,\u00a0Toni Ruiz assumiu a presid\u00eancia executiva, enquanto os herdeiros reorganizaram discretamente as participa\u00e7\u00f5es da fam\u00edlia.<\/p>\n<p><strong>[Apesar da euforia em torno de Freitas, Soares recupera. O debate com Zenha ser\u00e1 decisivo. Quando acabar, nunca mais ser\u00e3o amigos.\u00a0A\u00a0<a href=\"https:\/\/observador.pt\/programas\/a-eleio-mais-louca-de-sempre\/episodio-3-ele-nao-e-meu-irmao\/\" rel=\"nofollow noopener\" target=\"_blank\">\u201cElei\u00e7\u00e3o Mais Louca de Sempre\u201d<\/a>\u00a0\u00e9 o novo Podcast Plus do Observador sobre as Presidenciais de 1986. Uma s\u00e9rie narrada pelo ator Gon\u00e7alo Waddington, com banda sonora original de Samuel \u00daria. Pode ouvir\u00a0<a href=\"https:\/\/observador.pt\/programas\/a-eleio-mais-louca-de-sempre\/episodio-3-ele-nao-e-meu-irmao\/\" target=\"_blank\" rel=\"noopener nofollow\">aqui<\/a>, no\u00a0Observador, e tamb\u00e9m na\u00a0<a href=\"https:\/\/podcasts.apple.com\/pt\/podcast\/epis%C3%B3dio-3-ele-n%C3%A3o-%C3%A9-meu-irm%C3%A3o\/id1841273464?i=1000731696598\" target=\"_blank\" rel=\"noopener nofollow\">Apple Podcasts<\/a>, no\u00a0<a href=\"https:\/\/open.spotify.com\/episode\/46BVbcvVdeR0JAPt0QqY3V?si=66ce21905d6c443c\" target=\"_blank\" rel=\"noopener nofollow\">Spotify<\/a>\u00a0e no\u00a0<a href=\"https:\/\/music.youtube.com\/watch?v=FAhQNHEr5Tc&amp;si=yiJlZG-PAvTSgxsu\" target=\"_blank\" rel=\"noopener nofollow\">Youtube Music<\/a>. E pode ouvir o primeiro epis\u00f3dio\u00a0<a href=\"https:\/\/observador.pt\/programas\/a-eleio-mais-louca-de-sempre\/estreia-a-eleicao-mais-louca-de-sempre-episodio-1-apostamos-no-cavalo-errado\/\" rel=\"nofollow noopener\" target=\"_blank\">aqui<\/a>\u00a0e o segundo\u00a0<a href=\"https:\/\/observador.pt\/programas\/a-eleio-mais-louca-de-sempre\/episodio-2-uma-traicao-inesperada\/\" rel=\"nofollow noopener\" target=\"_blank\">aqui<\/a>]<\/strong><\/p>\n<p><a href=\"https:\/\/observador.pt\/programas\/a-eleio-mais-louca-de-sempre\/episodio-3-ele-nao-e-meu-irmao\/\" rel=\"nofollow noopener\" target=\"_blank\"><\/p>\n<p>        <img src=\"https:\/\/www.europesays.com\/pt\/wp-content\/uploads\/2025\/10\/770-a-eleicao-mais-louca-de-sempre-playicon.png\" alt=\"\" loading=\"lazy\" decoding=\"async\" class=\"alignnone\" onload=\"this.parentElement.classList.remove('spinner')\" onerror=\"this.parentElement.classList.remove('spinner')\" width=\"770\" height=\"433\"\/>    <\/p>\n<p><\/a><\/p>\n","protected":false},"excerpt":{"rendered":"A investiga\u00e7\u00e3o sobre a morte de Isak Andic, fundador da Mango e um dos empres\u00e1rios mais ricos de&hellip;\n","protected":false},"author":2,"featured_media":114384,"comment_status":"","ping_status":"","sticky":false,"template":"","format":"standard","meta":{"footnotes":""},"categories":[50],"tags":[27,28,640,445,15,16,14,25,26,21,22,62,12,13,19,20,23,24,17,18,29,30,31,63,64,65],"class_list":{"0":"post-114383","1":"post","2":"type-post","3":"status-publish","4":"format-standard","5":"has-post-thumbnail","7":"category-mundo","8":"tag-breaking-news","9":"tag-breakingnews","10":"tag-espanha","11":"tag-europa","12":"tag-featured-news","13":"tag-featurednews","14":"tag-headlines","15":"tag-latest-news","16":"tag-latestnews","17":"tag-main-news","18":"tag-mainnews","19":"tag-mundo","20":"tag-news","21":"tag-noticias","22":"tag-noticias-principais","23":"tag-noticiasprincipais","24":"tag-principais-noticias","25":"tag-principaisnoticias","26":"tag-top-stories","27":"tag-topstories","28":"tag-ultimas","29":"tag-ultimas-noticias","30":"tag-ultimasnoticias","31":"tag-world","32":"tag-world-news","33":"tag-worldnews"},"share_on_mastodon":{"url":"","error":""},"_links":{"self":[{"href":"https:\/\/www.europesays.com\/pt\/wp-json\/wp\/v2\/posts\/114383","targetHints":{"allow":["GET"]}}],"collection":[{"href":"https:\/\/www.europesays.com\/pt\/wp-json\/wp\/v2\/posts"}],"about":[{"href":"https:\/\/www.europesays.com\/pt\/wp-json\/wp\/v2\/types\/post"}],"author":[{"embeddable":true,"href":"https:\/\/www.europesays.com\/pt\/wp-json\/wp\/v2\/users\/2"}],"replies":[{"embeddable":true,"href":"https:\/\/www.europesays.com\/pt\/wp-json\/wp\/v2\/comments?post=114383"}],"version-history":[{"count":0,"href":"https:\/\/www.europesays.com\/pt\/wp-json\/wp\/v2\/posts\/114383\/revisions"}],"wp:featuredmedia":[{"embeddable":true,"href":"https:\/\/www.europesays.com\/pt\/wp-json\/wp\/v2\/media\/114384"}],"wp:attachment":[{"href":"https:\/\/www.europesays.com\/pt\/wp-json\/wp\/v2\/media?parent=114383"}],"wp:term":[{"taxonomy":"category","embeddable":true,"href":"https:\/\/www.europesays.com\/pt\/wp-json\/wp\/v2\/categories?post=114383"},{"taxonomy":"post_tag","embeddable":true,"href":"https:\/\/www.europesays.com\/pt\/wp-json\/wp\/v2\/tags?post=114383"}],"curies":[{"name":"wp","href":"https:\/\/api.w.org\/{rel}","templated":true}]}}