{"id":114387,"date":"2025-10-17T09:19:21","date_gmt":"2025-10-17T09:19:21","guid":{"rendered":"https:\/\/www.europesays.com\/pt\/114387\/"},"modified":"2025-10-17T09:19:21","modified_gmt":"2025-10-17T09:19:21","slug":"verao-termina-este-fim-de-semana","status":"publish","type":"post","link":"https:\/\/www.europesays.com\/pt\/114387\/","title":{"rendered":"ver\u00e3o &#8216;termina&#8217; este fim de semana"},"content":{"rendered":"<p>O outono imp\u00f5e-se em Portugal continental, trazendo altera\u00e7\u00f5es significativas no tempo ao longo do fim de semana. De acordo com o site meteorol\u00f3gico \u2018LusoMeteo\u2019, esta sexta-feira ser\u00e1 parcialmente nublada, sem previs\u00e3o de precipita\u00e7\u00e3o, e as temperaturas manter-se-\u00e3o agrad\u00e1veis, com m\u00e1ximas a oscilar entre os 19 graus em Viana do Castelo e os 29 graus em Santar\u00e9m e Beja.<\/p>\n<p><strong>Sexta-feira e s\u00e1bado: estabilidade antes da mudan\u00e7a<\/strong><\/p>\n<p>O fim de semana inicia-se est\u00e1vel, com c\u00e9u limpo e temperaturas amenas em grande parte do pa\u00eds. S\u00e1bado dever\u00e1 apresentar um dia maioritariamente limpo, mas ao final da tarde j\u00e1 se poder\u00e1 observar a chegada de chuva fraca e dispersa nas regi\u00f5es Norte e Centro, acompanhada de uma ligeira diminui\u00e7\u00e3o das temperaturas m\u00e1ximas. Este cen\u00e1rio aconselha a aproveitar as horas de sol para atividades ao ar livre antes da instabilidade prevista para domingo.<\/p>\n<p><strong>Domingo: intensifica\u00e7\u00e3o da chuva e queda das temperaturas<\/strong><\/p>\n<p>A instabilidade aumenta ao longo da madrugada de domingo, quando a chuva poder\u00e1 come\u00e7ar a cair no noroeste, em cidades como Viana do Castelo e Braga, e no litoral oeste, incluindo Leiria. Ao longo do dia, os per\u00edodos de chuva forte tornar-se-\u00e3o mais frequentes, sobretudo a oeste da Barreira de Condensa\u00e7\u00e3o, no Norte de Portugal. As temperaturas m\u00e1ximas descem acentuadamente, variando entre os 17 em Viana do Castelo e os 18 no Porto, n\u00e3o ultrapassando os 20 graus mesmo nos locais mais quentes do Norte.<\/p>\n<p>A precipita\u00e7\u00e3o acumulada poder\u00e1 atingir at\u00e9 52 mm no norte do pa\u00eds, principalmente a oeste da Barreira de Condensa\u00e7\u00e3o. As cidades mais afetadas incluem P\u00f3voa de Varzim, Porto, Santo Tirso e algumas do distrito de Vila Real, com per\u00edodos de chuva moderada a forte durante o dia. Na regi\u00e3o Centro, cidades como Aveiro, Espinho, Viseu, \u00c1gueda, Cantanhede e Figueira da Foz tamb\u00e9m poder\u00e3o registar v\u00e1rios epis\u00f3dios de chuva forte ao longo do dia, mantendo a instabilidade at\u00e9 segunda-feira, quando se espera uma gradual dissipa\u00e7\u00e3o do mau tempo.<\/p>\n<p><strong>Previs\u00e3o para a pr\u00f3xima semana<\/strong><\/p>\n<p>De acordo com o \u2018LusoMeteo\u2019, as condi\u00e7\u00f5es inst\u00e1veis poder\u00e3o persistir durante os primeiros dias da pr\u00f3xima semana, especialmente no Norte e Centro, devido \u00e0 passagem de frentes frias e \u00e0 a\u00e7\u00e3o do jato polar. <\/p>\n","protected":false},"excerpt":{"rendered":"O outono imp\u00f5e-se em Portugal continental, trazendo altera\u00e7\u00f5es significativas no tempo ao longo do fim de semana. De&hellip;\n","protected":false},"author":2,"featured_media":114388,"comment_status":"","ping_status":"","sticky":false,"template":"","format":"standard","meta":{"footnotes":""},"categories":[8],"tags":[27,28,15,16,14,25,26,21,22,12,13,19,20,32,23,24,33,17,18,29,30,31],"class_list":{"0":"post-114387","1":"post","2":"type-post","3":"status-publish","4":"format-standard","5":"has-post-thumbnail","7":"category-principais-noticias","8":"tag-breaking-news","9":"tag-breakingnews","10":"tag-featured-news","11":"tag-featurednews","12":"tag-headlines","13":"tag-latest-news","14":"tag-latestnews","15":"tag-main-news","16":"tag-mainnews","17":"tag-news","18":"tag-noticias","19":"tag-noticias-principais","20":"tag-noticiasprincipais","21":"tag-portugal","22":"tag-principais-noticias","23":"tag-principaisnoticias","24":"tag-pt","25":"tag-top-stories","26":"tag-topstories","27":"tag-ultimas","28":"tag-ultimas-noticias","29":"tag-ultimasnoticias"},"share_on_mastodon":{"url":"","error":""},"_links":{"self":[{"href":"https:\/\/www.europesays.com\/pt\/wp-json\/wp\/v2\/posts\/114387","targetHints":{"allow":["GET"]}}],"collection":[{"href":"https:\/\/www.europesays.com\/pt\/wp-json\/wp\/v2\/posts"}],"about":[{"href":"https:\/\/www.europesays.com\/pt\/wp-json\/wp\/v2\/types\/post"}],"author":[{"embeddable":true,"href":"https:\/\/www.europesays.com\/pt\/wp-json\/wp\/v2\/users\/2"}],"replies":[{"embeddable":true,"href":"https:\/\/www.europesays.com\/pt\/wp-json\/wp\/v2\/comments?post=114387"}],"version-history":[{"count":0,"href":"https:\/\/www.europesays.com\/pt\/wp-json\/wp\/v2\/posts\/114387\/revisions"}],"wp:featuredmedia":[{"embeddable":true,"href":"https:\/\/www.europesays.com\/pt\/wp-json\/wp\/v2\/media\/114388"}],"wp:attachment":[{"href":"https:\/\/www.europesays.com\/pt\/wp-json\/wp\/v2\/media?parent=114387"}],"wp:term":[{"taxonomy":"category","embeddable":true,"href":"https:\/\/www.europesays.com\/pt\/wp-json\/wp\/v2\/categories?post=114387"},{"taxonomy":"post_tag","embeddable":true,"href":"https:\/\/www.europesays.com\/pt\/wp-json\/wp\/v2\/tags?post=114387"}],"curies":[{"name":"wp","href":"https:\/\/api.w.org\/{rel}","templated":true}]}}