{"id":114389,"date":"2025-10-17T09:20:13","date_gmt":"2025-10-17T09:20:13","guid":{"rendered":"https:\/\/www.europesays.com\/pt\/114389\/"},"modified":"2025-10-17T09:20:13","modified_gmt":"2025-10-17T09:20:13","slug":"camisetas-com-estampa-da-atriz-potiguar-tania-maria-ganham-as-redes-e-se-esgotam","status":"publish","type":"post","link":"https:\/\/www.europesays.com\/pt\/114389\/","title":{"rendered":"Camisetas com estampa da atriz potiguar T\u00e2nia Maria ganham as redes e se esgotam"},"content":{"rendered":"<p>Na expectativa para estreia do filme \u201cO Agente Secreto\u201d, que tem a participa\u00e7\u00e3o da atriz potiguar T\u00e2nia Maria, a fam\u00edlia resolveu fazer uma camiseta para ser uma esp\u00e9cie de farda da torcida. Mas, a ideia fez tanto sucesso que as camisas se esgotaram rapidinho e uma segunda remessa est\u00e1 em fabrica\u00e7\u00e3o. \u201cA fam\u00edlia queria ir fantasiada com uma das roupas da personagem dela, mas como ia ser dif\u00edcil, resolvemos fazer a camiseta. Era s\u00f3 para o pessoal da fam\u00edlia, mas quem via ia pedindo uma e, quando demos conta, a primeira leva tinha se esgotado\u201d, detalha a neta de T\u00e2nia Maria, J\u00e1cylla Kenya.<\/p>\n<p>A camiseta traz a estampa da personagem Dona Sebastiana, propriet\u00e1ria de um pr\u00e9dio onde funcionava um \u201caparelho\u201d que abrigava dissidentes da ditadura militar brasileira na d\u00e9cada de 1970, entre os quais Marcelo, personagem de <a href=\"https:\/\/saibamais.jor.br\/2025\/10\/wagner-moura-sobre-atriz-potiguar-tania-maria-ela-e-maravilhosa-eu-sou-louco-por-ela\/\" target=\"_blank\" rel=\"noreferrer noopener nofollow\">Wagner Moura<\/a> em \u201cO Agente Secreto\u201d.<\/p>\n<p>Com estreia programada em Natal para o pr\u00f3ximo dia 25 de outubro, o novo longa do cineasta pernambucano Kleber Mendon\u00e7a Filho traz T\u00e2nia Maria em destaque no teaser de lan\u00e7amento. A rela\u00e7\u00e3o da atriz seridoense com o diretor come\u00e7ou nas filmagens de \u201cBacurau\u201d (2019), outro longa de Kleber Mendon\u00e7a Filho que foi rodado em Parelhas e Acari.<\/p>\n<p>\u201cN\u00e3o esper\u00e1vamos toda essa repercuss\u00e3o. Minha av\u00f3 age muito naturalmente, do mesmo jeito que ela \u00e9 no filme tamb\u00e9m \u00e9 na vida real. Ela \u00e9 muito respeitada porque \u00e9 organizada, mas tamb\u00e9m \u00e9 muito acolhedora, gosta de fazer amizade, de conversar, foi assim com a equipe de Bacurau e continua at\u00e9 hoje\u201d, conta a neta.<\/p>\n<p>A fam\u00edlia vai assistir o filme com T\u00e2nia Maria no dia 6 de novembro em um cinema de Caic\u00f3.<\/p>\n<p>\u201cEstamos todos ansiosos, a fam\u00edlia vai se reunir para assistir com ela em Caic\u00f3\u201d, adianta a neta, que est\u00e1 tirando o passaporte junto com a av\u00f3.<\/p>\n<p>\u201cN\u00e3o t\u00ednhamos porque n\u00e3o havia necessidade. Essa era uma realidade muito distante para n\u00f3s. Agora, n\u00e3o se sabe o que pode acontecer\u201d, brinca J\u00e1cylla.<\/p>\n<p>Al\u00e9m de participar de \u201cO Agente Secreto\u201d, T\u00e2nia Maria tamb\u00e9m tem sido cotada para concorrer ao Oscar. Enquanto a lista dos indicados n\u00e3o sai e o filme n\u00e3o estreia, a fam\u00edlia prepara uma segunda remessa de camisetas com Dona Sebastiana na estampa. Os interessados, podem procurar J\u00e1cylla pelo n\u00famero 84 9 8841-0163.<\/p>\n<p><img fetchpriority=\"high\" decoding=\"async\" width=\"768\" height=\"1024\" src=\"https:\/\/www.europesays.com\/pt\/wp-content\/uploads\/2025\/10\/WhatsApp-Image-2025-10-16-at-18.52.36-768x1024.jpeg\" alt=\"\" class=\"wp-image-157872\"  \/>T\u00e2nia Maria com a camiseta I Imagem: reprodu\u00e7\u00e3o redes sociais<\/p>\n<p class=\"has-medium-font-size\"><strong>O teaser<\/strong><\/p>\n<p>A Vitrine Filmes, produtora de \u201cO Agente Secreto\u201d, novo longa do cineasta pernambucano Kleber Mendon\u00e7a Filho, divulgou um teaser destacando a participa\u00e7\u00e3o da atriz potiguar T\u00e2nia Maria, 78 anos, moradora do povoado da Cobra, no munic\u00edpio de Parelhas, na regi\u00e3o Serid\u00f3 do Rio Grande do Norte. Na pequena pr\u00e9via, ela aparece em algumas cenas contracenando com o protagonista Wagner Moura.<\/p>\n<blockquote class=\"instagram-media\" data-instgrm-captioned=\"\" data-instgrm-permalink=\"https:\/\/www.instagram.com\/reel\/DPzjQXvEZgs\/?utm_source=ig_embed&amp;utm_campaign=loading\" data-instgrm-version=\"14\" style=\" background:#FFF; border:0; border-radius:3px; box-shadow:0 0 1px 0 rgba(0,0,0,0.5),0 1px 10px 0 rgba(0,0,0,0.15); margin: 1px; max-width:540px; min-width:326px; padding:0; width:99.375%; width:-webkit-calc(100% - 2px); width:calc(100% - 2px);\"\/>\n<p class=\"has-medium-font-size\"><strong>Os elogios<\/strong><\/p>\n<p>Na pr\u00e9-estreia do longa do \u201cFestival do Rio\u201d, na semana passada, Wagner Moura chamou n\u00e3o economizou nos elogios a T\u00e2nia Maria.<\/p>\n<p>\u201cMaravilhosa. Ela \u00e9 uma loucura, eu sou louco por ela\u201d, disse o protagonista de \u201cO Agente Secreto\u201d. O longa foi escolhido pela Academia Brasileira de Cinema para representar o pa\u00eds no Oscar 2026, na categoria de \u201cMelhor Filme Internacional\u201d.<\/p>\n<p>\u201cAs primeiras cenas que eu fa\u00e7o com ela foram as primeiras cenas que eu filmei. Voc\u00ea vai ver, eu t\u00f4 na cena, eu assim, olhando pra ela, admirando ela, besta com ela, reagindo ao que ela me falava. Ela \u00e9 uma loucura, eu sou louco por ela. Pena que ela n\u00e3o t\u00e1 aqui\u201d, disse o ator ao chegar para a exibi\u00e7\u00e3o especial no Festival do Rio.<\/p>\n<p class=\"has-medium-font-size\"><strong>O Oscar<\/strong><\/p>\n<p>A atua\u00e7\u00e3o em \u201cO Agente Secreto\u201d rendeu a T\u00e2nia Maria duas cita\u00e7\u00f5es em publica\u00e7\u00f5es norte-americanas como poss\u00edvel indicada ao Oscar 2026 na categoria de \u201cMelhor Atriz Coadjuvante\u201d.<\/p>\n<p>A primeira a cotar a atriz seridoense para a maior premia\u00e7\u00e3o do cinema mundial foi a revista \u201cVariety\u201d. Depois, ela surgiu na lista da \u201cThe Hollywood Reporter\u201d.<\/p>\n<p>As duas publica\u00e7\u00f5es norte-americanas colocam T\u00e2nia Maria com \u201cbaixa possibilidade\u201d de concorrer ao Oscar 2026. A Variety cita a atriz seridoense como a 25\u00aa colocada no ranking de poss\u00edveis indicadas. J\u00e1 na The Hollywood Reporter, ela figura na 17\u00aa posi\u00e7\u00e3o. <\/p>\n<p class=\"has-medium-font-size\"><strong>Saiba +<\/strong><\/p>\n<p>\t\t\t\t\t\t\t\t\t\t<script async src=\"\/\/www.instagram.com\/embed.js\"><\/script><\/p>\n","protected":false},"excerpt":{"rendered":"Na expectativa para estreia do filme \u201cO Agente Secreto\u201d, que tem a participa\u00e7\u00e3o da atriz potiguar T\u00e2nia Maria,&hellip;\n","protected":false},"author":2,"featured_media":114390,"comment_status":"","ping_status":"","sticky":false,"template":"","format":"standard","meta":{"footnotes":""},"categories":[145],"tags":[211,210,315,114,115,32,33],"class_list":{"0":"post-114389","1":"post","2":"type-post","3":"status-publish","4":"format-standard","5":"has-post-thumbnail","7":"category-celebridades","8":"tag-celebridades","9":"tag-celebrities","10":"tag-cultura","11":"tag-entertainment","12":"tag-entretenimento","13":"tag-portugal","14":"tag-pt"},"share_on_mastodon":{"url":"","error":""},"_links":{"self":[{"href":"https:\/\/www.europesays.com\/pt\/wp-json\/wp\/v2\/posts\/114389","targetHints":{"allow":["GET"]}}],"collection":[{"href":"https:\/\/www.europesays.com\/pt\/wp-json\/wp\/v2\/posts"}],"about":[{"href":"https:\/\/www.europesays.com\/pt\/wp-json\/wp\/v2\/types\/post"}],"author":[{"embeddable":true,"href":"https:\/\/www.europesays.com\/pt\/wp-json\/wp\/v2\/users\/2"}],"replies":[{"embeddable":true,"href":"https:\/\/www.europesays.com\/pt\/wp-json\/wp\/v2\/comments?post=114389"}],"version-history":[{"count":0,"href":"https:\/\/www.europesays.com\/pt\/wp-json\/wp\/v2\/posts\/114389\/revisions"}],"wp:featuredmedia":[{"embeddable":true,"href":"https:\/\/www.europesays.com\/pt\/wp-json\/wp\/v2\/media\/114390"}],"wp:attachment":[{"href":"https:\/\/www.europesays.com\/pt\/wp-json\/wp\/v2\/media?parent=114389"}],"wp:term":[{"taxonomy":"category","embeddable":true,"href":"https:\/\/www.europesays.com\/pt\/wp-json\/wp\/v2\/categories?post=114389"},{"taxonomy":"post_tag","embeddable":true,"href":"https:\/\/www.europesays.com\/pt\/wp-json\/wp\/v2\/tags?post=114389"}],"curies":[{"name":"wp","href":"https:\/\/api.w.org\/{rel}","templated":true}]}}