{"id":114391,"date":"2025-10-17T09:21:14","date_gmt":"2025-10-17T09:21:14","guid":{"rendered":"https:\/\/www.europesays.com\/pt\/114391\/"},"modified":"2025-10-17T09:21:14","modified_gmt":"2025-10-17T09:21:14","slug":"obra-de-picasso-desaparece-em-viagem-de-400-quilometros-entre-madrid-e-granada-crime","status":"publish","type":"post","link":"https:\/\/www.europesays.com\/pt\/114391\/","title":{"rendered":"Obra de Picasso desaparece em viagem de 400 quil\u00f3metros entre Madrid e Granada | Crime"},"content":{"rendered":"<p>Um quadro de Pablo Picasso avaliado em 600 mil euros desapareceu no transporte entre a casa do dono, em Madrid, e o local de uma exposi\u00e7\u00e3o em Granada, confirmaram esta quinta-feira a pol\u00edcia espanhola e a Funda\u00e7\u00e3o CajaGranada.<\/p>\n<p>O desaparecimento de Nature morte \u00e0 la guitare (Natureza morta com guitarra), uma obra de 1919 do espanhol Pablo Picasso, com apenas 12,7 cent\u00edmetros de altura e 9,8 de largura, foi denunciada \u00e0 pol\u00edcia nacional espanhola em 10 de Outubro passado pela <a href=\"https:\/\/www.cajagranadafundacion.es\/\" target=\"_blank\" rel=\"nofollow noopener\">Funda\u00e7\u00e3o CajaGranada<\/a>. Esta institui\u00e7\u00e3o explicou hoje num comunicado que uma empresa especializada no transporte de obras de arte lhe entregou em 3 de Outubro, no Centro Cultural CajaGranada, mais de meia centena de quadros com diversas origens levados desde Madrid para serem integrados na exposi\u00e7\u00e3o Natureza morta. A eternidade do inerte.<\/p>\n<p>Sempre segundo o mesmo comunicado, as obras entregues ficaram depositadas num espa\u00e7o da funda\u00e7\u00e3o, com videovigil\u00e2ncia permanente, at\u00e9 ao dia 6 de Outubro, quando foram desembaladas e os respons\u00e1veis pela institui\u00e7\u00e3o e pela exposi\u00e7\u00e3o verificaram que faltava um quadro, Nature morte \u00e0 la guitarre, apesar de constar das guias de transporte. Ao chegarem \u00e0 funda\u00e7\u00e3o, as obras foram retiradas da carrinha que as transportou e metidas num monta-cargas, de onde foram retiradas, noutro andar, j\u00e1 num espa\u00e7o com videovigil\u00e2ncia, e depois depositadas na sala onde ficaram at\u00e9 serem desembaladas, onde tamb\u00e9m h\u00e1 c\u00e2maras em perman\u00eancia, disse a CajaGranada.<\/p>\n<p>A funda\u00e7\u00e3o revelou que \u201cnem todas as embalagens estavam devidamente numeradas\u201d \u00e0 chegada e por isso \u201cn\u00e3o foi poss\u00edvel fazer uma verifica\u00e7\u00e3o exaustiva sem desembalar\u201d, pelo que as guias de transporte foram assinadas \u201cpendentes da desembalagem na segunda-feira\u201d, dia 6 de Outubro. Fontes da investiga\u00e7\u00e3o do caso citadas por v\u00e1rios meios de comunica\u00e7\u00e3o social locais revelaram que a viagem de cerca de 400 quil\u00f3metros entre Madrid e Granada, no sul de Espanha, para transportar as obras (57, \u00e0 partida) levou dois dias a concluir, sendo este um dos aspectos em que se est\u00e1 a focar a investiga\u00e7\u00e3o.<\/p>\n<p>Os quadros foram transportados numa carrinha em que seguiam duas pessoas. Ap\u00f3s a sa\u00edda de Madrid, pararam a cerca de 27 quil\u00f3metros do destino, onde dormiram, num pequeno hotel, com as duas pessoas a, alegadamente, fazerem turnos para vigiar a carrinha, disseram as fontes policiais citadas pela imprensa espanhola. As viagens por estrada para levar obras de arte obedecem a v\u00e1rias regras de acondicionamento e exigem velocidades lentas na condu\u00e7\u00e3o, para n\u00e3o danificar as pe\u00e7as, como lembram alguns peritos neste tipo de transporte citados tamb\u00e9m pela imprensa espanhola.<\/p>\n<p>A identidade do propriet\u00e1rio de Nature morte \u00e0 la guitare n\u00e3o foi at\u00e9 agora revelada. Sabe-se apenas que \u00e9 um coleccionador particular que adquiriu o quadro de <a href=\"https:\/\/www.publico.pt\/picasso\" rel=\"nofollow noopener\" target=\"_blank\">Picasso<\/a> h\u00e1 alguns anos por 60.000 euros e que o mantinha numa resid\u00eancia em Madrid, de onde foi levado em 25 de Setembro, por uma empresa especializada no transporte de obras de arte, com o objectivo ser integrada na exposi\u00e7\u00e3o de Granada. Segundo a Funda\u00e7\u00e3o CajaGranada, a obra foi agora avaliada para efeitos de seguro num valor de 600 mil euros.<\/p>\n<p>                &#13;<br \/>\n                    &#13;<br \/>\n                    &#13;<br \/>\n                        Nature morte \u00e0 la guitare (Natureza morta com guitarra), obra de 1919 do espanhol Pablo Picasso, tem apenas 12,7 cent\u00edmetros de altura e 9,8 de largura&#13;<br \/>\n                    &#13;<\/p>\n<p>A exposi\u00e7\u00e3o Natureza Morta. A eternidade do inerte foi inaugurada pelo Centro Cultural CajaGranada como previsto, no passado dia 9 de Outubro, e integra obras de Juan Gris, Mar\u00eda Blanchard,<a href=\"https:\/\/www.publico.pt\/2009\/07\/30\/jornal\/magritte-o-criador-de-misterios-17420306\" rel=\"nofollow noopener\" target=\"_blank\"> Ren\u00e9 Magritte<\/a> e <a href=\"https:\/\/www.publico.pt\/2023\/09\/15\/culturaipsilon\/noticia\/morreu-fernando-botero-pintor-escultor-acreditava-arte-cria-prazer-2063514\" rel=\"nofollow noopener\" target=\"_blank\">Fernando Botero<\/a>, entre outras, que viajaram na carrinha que saiu de Madrid em 02 de Outubro rumo a Granada e que alegadamente tamb\u00e9m levava o quadro desaparecido de Picasso.<\/p>\n<p>A pol\u00edcia espanhola disse hoje que a investiga\u00e7\u00e3o est\u00e1 em curso e que at\u00e9 agora n\u00e3o houve deten\u00e7\u00f5es.<\/p>\n","protected":false},"excerpt":{"rendered":"Um quadro de Pablo Picasso avaliado em 600 mil euros desapareceu no transporte entre a casa do dono,&hellip;\n","protected":false},"author":2,"featured_media":114392,"comment_status":"","ping_status":"","sticky":false,"template":"","format":"standard","meta":{"footnotes":""},"categories":[144],"tags":[207,205,206,1753,203,201,202,604,315,1413,204,114,115,542,11947,32,33],"class_list":{"0":"post-114391","1":"post","2":"type-post","3":"status-publish","4":"format-standard","5":"has-post-thumbnail","7":"category-arte-e-design","8":"tag-arte","9":"tag-arte-e-design","10":"tag-artedesign","11":"tag-artes","12":"tag-arts","13":"tag-arts-and-design","14":"tag-artsanddesign","15":"tag-crime","16":"tag-cultura","17":"tag-cultura-ipsilon","18":"tag-design","19":"tag-entertainment","20":"tag-entretenimento","21":"tag-para-redes","22":"tag-picasso","23":"tag-portugal","24":"tag-pt"},"share_on_mastodon":{"url":"","error":""},"_links":{"self":[{"href":"https:\/\/www.europesays.com\/pt\/wp-json\/wp\/v2\/posts\/114391","targetHints":{"allow":["GET"]}}],"collection":[{"href":"https:\/\/www.europesays.com\/pt\/wp-json\/wp\/v2\/posts"}],"about":[{"href":"https:\/\/www.europesays.com\/pt\/wp-json\/wp\/v2\/types\/post"}],"author":[{"embeddable":true,"href":"https:\/\/www.europesays.com\/pt\/wp-json\/wp\/v2\/users\/2"}],"replies":[{"embeddable":true,"href":"https:\/\/www.europesays.com\/pt\/wp-json\/wp\/v2\/comments?post=114391"}],"version-history":[{"count":0,"href":"https:\/\/www.europesays.com\/pt\/wp-json\/wp\/v2\/posts\/114391\/revisions"}],"wp:featuredmedia":[{"embeddable":true,"href":"https:\/\/www.europesays.com\/pt\/wp-json\/wp\/v2\/media\/114392"}],"wp:attachment":[{"href":"https:\/\/www.europesays.com\/pt\/wp-json\/wp\/v2\/media?parent=114391"}],"wp:term":[{"taxonomy":"category","embeddable":true,"href":"https:\/\/www.europesays.com\/pt\/wp-json\/wp\/v2\/categories?post=114391"},{"taxonomy":"post_tag","embeddable":true,"href":"https:\/\/www.europesays.com\/pt\/wp-json\/wp\/v2\/tags?post=114391"}],"curies":[{"name":"wp","href":"https:\/\/api.w.org\/{rel}","templated":true}]}}