{"id":114395,"date":"2025-10-17T09:24:12","date_gmt":"2025-10-17T09:24:12","guid":{"rendered":"https:\/\/www.europesays.com\/pt\/114395\/"},"modified":"2025-10-17T09:24:12","modified_gmt":"2025-10-17T09:24:12","slug":"radio-itatiaia-lidera-no-ibope-liberdade-se-isola-em-2o-o-top-10-em-bh-moon-bh","status":"publish","type":"post","link":"https:\/\/www.europesays.com\/pt\/114395\/","title":{"rendered":"R\u00e1dio Itatiaia lidera no Ibope, Liberdade se isola em 2\u00ba; o top 10 em BH \u00bb Moon BH"},"content":{"rendered":"<p>            <a href=\"https:\/\/i0.wp.com\/moonbh.com.br\/wp-content\/uploads\/2025\/10\/acir-antao-e-patricia-itatiaia.jpg?fit=1200%2C700&amp;ssl=1\" data-caption=\"Foto: Divulga\u00e7\u00e3o\" rel=\"nofollow noopener\" target=\"_blank\"><img loading=\"lazy\" decoding=\"async\" width=\"696\" height=\"406\" class=\"entry-thumb td-modal-image\" src=\"https:\/\/www.europesays.com\/pt\/wp-content\/uploads\/2025\/10\/acir-antao-e-patricia-itatiaia.jpg\"   alt=\"\" title=\"acir anta\u0303o e patri\u0301cia itatiaia\"\/><\/a>Foto: Divulga\u00e7\u00e3o<\/p>\n<p>A mais recente atualiza\u00e7\u00e3o da pesquisa de audi\u00eancia da <a href=\"https:\/\/moonbh.com.br\/category\/midia-em-mg\/\" rel=\"nofollow noopener\" target=\"_blank\">Kantar IBOPE Media<\/a> na Grande <a href=\"https:\/\/moonbh.com.br\/category\/bh-noticias\/\" rel=\"nofollow noopener\" target=\"_blank\">Belo Horizonte<\/a> trouxe um cen\u00e1rio de forte competi\u00e7\u00e3o e destaques de crescimento. Embora o meio como um todo tenha apresentado um leve recuo, diversas emissoras foram na contram\u00e3o e registraram altas expressivas. <\/p>\n<p>No topo, a <strong>R\u00e1dio Itatiaia<\/strong> segue como l\u00edder absoluta, mas a <strong>Liberdade FM<\/strong> conseguiu se isolar ainda mais na vice-lideran\u00e7a. A pesquisa \u00e9 referente ao trimestre de julho a setembro de 2025. <a href=\"https:\/\/tudoradio.com\/noticias\/ver\/33884-panorama-radio-itatiaia-segue-lider-isolada-liberdade-fm-jovem-pan-fm-107-e-98-fm-avancam-em-belo-horizonte\" rel=\"nofollow noopener\" target=\"_blank\">As informa\u00e7\u00f5es s\u00e3o do Tudo R\u00e1dio.<\/a><\/p>\n<p>O topo do ranking n\u00e3o teve mudan\u00e7as de posi\u00e7\u00e3o, mas sim de for\u00e7a. A <strong>R\u00e1dio Itatiaia (95.7 FM)<\/strong> continua com o maior volume de audi\u00eancia e alcance do mercado, mantendo uma boa vantagem para a segunda colocada. <\/p>\n<p>A <strong>Liberdade FM (92.9 FM)<\/strong>, por sua vez, cresceu cerca de 1% em sua audi\u00eancia, o que foi suficiente para se isolar ainda mais na vice-lideran\u00e7a, posi\u00e7\u00e3o que ocupa pela terceira medi\u00e7\u00e3o consecutiva. Fechando o p\u00f3dio, a <strong>BH FM (102.1 FM)<\/strong> tamb\u00e9m manteve sua for\u00e7a e segue isolada na terceira coloca\u00e7\u00e3o.<\/p>\n<p><strong>A briga pelo Top 5 e o avan\u00e7o da Jovem Pan<\/strong><\/p>\n<p>A disputa pelo complemento do Top 5 tamb\u00e9m se mostrou est\u00e1vel em posi\u00e7\u00f5es, mas com movimentos internos. A <strong>Alvorada FM (94.9 FM)<\/strong> manteve-se na quarta posi\u00e7\u00e3o, com n\u00fameros muito pr\u00f3ximos aos da pesquisa anterior. O grande destaque do Top 5 foi a <strong>Jovem Pan FM (99.1 FM)<\/strong>. A emissora registrou o maior avan\u00e7o percentual entre as cinco primeiras, com um crescimento de 3,9%, o que refor\u00e7a sua quinta coloca\u00e7\u00e3o e a aproxima das concorrentes diretas.<\/p>\n<p><strong>O ranking do Top 10 de audi\u00eancia em Belo Horizonte<\/strong><\/p>\n<p>Com base nos dados da Kantar IBOPE Media, compilados pelo portal <strong>Tudo R\u00e1dio<\/strong>, o ranking das dez r\u00e1dios mais ouvidas na Grande Belo Horizonte ficou assim:<\/p>\n<ol start=\"1\" class=\"wp-block-list\">\n<li><strong>R\u00e1dio Itatiaia<\/strong> (95.7 FM) \u2013 Popular\/Jornalismo-Esportes<\/li>\n<li><strong>Liberdade FM<\/strong> (92.9 FM) \u2013 Popular\/Sertanejo<\/li>\n<li><strong>BH FM<\/strong> (102.1 FM) \u2013 Popular\/Hits<\/li>\n<li><strong>Alvorada FM<\/strong> (94.9 FM) \u2013 Adulto-Contempor\u00e2neo<\/li>\n<li><strong>Jovem Pan FM<\/strong> (99.1 FM) \u2013 Jovem\/Pop<\/li>\n<li><strong>R\u00e1dio 107 FM<\/strong> (107.5 FM) \u2013 Religiosa\/Gospel<\/li>\n<li><strong>98 FM<\/strong> (98.3 FM) \u2013 Adulto\/Rock-Esportes<\/li>\n<li><strong>Antena 1 FM<\/strong> (105.1 FM) \u2013 Adulto-Contempor\u00e2neo<\/li>\n<li><strong>TMC FM<\/strong> (Transam\u00e9rica) (88.7 FM) \u2013 Jovem\/Adulto-Esportes<\/li>\n<li><strong>CDL FM<\/strong> (102.9 FM) \u2013 Adulto\/Alternativa<\/li>\n<li><strong>Light FM<\/strong><\/li>\n<li><strong>Inconfid\u00eancia FM <\/strong><\/li>\n<li><strong>BandNews FM<\/strong><\/li>\n<li><strong>R\u00e1dio Am\u00e9rica FM <\/strong><\/li>\n<li><strong>CBN FM<\/strong><\/li>\n<\/ol>\n","protected":false},"excerpt":{"rendered":"Foto: Divulga\u00e7\u00e3o A mais recente atualiza\u00e7\u00e3o da pesquisa de audi\u00eancia da Kantar IBOPE Media na Grande Belo Horizonte&hellip;\n","protected":false},"author":2,"featured_media":114396,"comment_status":"","ping_status":"","sticky":false,"template":"","format":"standard","meta":{"footnotes":""},"categories":[141],"tags":[18048,114,115,22116,26883,26884,8227,149,150,32,33,26885,26886],"class_list":{"0":"post-114395","1":"post","2":"type-post","3":"status-publish","4":"format-standard","5":"has-post-thumbnail","7":"category-musica","8":"tag-audiencia","9":"tag-entertainment","10":"tag-entretenimento","11":"tag-ibope","12":"tag-jovem-pan-fm","13":"tag-liberdade-fm","14":"tag-midia","15":"tag-music","16":"tag-musica","17":"tag-portugal","18":"tag-pt","19":"tag-radio-em-bh","20":"tag-radio-itatiaia"},"share_on_mastodon":{"url":"","error":""},"_links":{"self":[{"href":"https:\/\/www.europesays.com\/pt\/wp-json\/wp\/v2\/posts\/114395","targetHints":{"allow":["GET"]}}],"collection":[{"href":"https:\/\/www.europesays.com\/pt\/wp-json\/wp\/v2\/posts"}],"about":[{"href":"https:\/\/www.europesays.com\/pt\/wp-json\/wp\/v2\/types\/post"}],"author":[{"embeddable":true,"href":"https:\/\/www.europesays.com\/pt\/wp-json\/wp\/v2\/users\/2"}],"replies":[{"embeddable":true,"href":"https:\/\/www.europesays.com\/pt\/wp-json\/wp\/v2\/comments?post=114395"}],"version-history":[{"count":0,"href":"https:\/\/www.europesays.com\/pt\/wp-json\/wp\/v2\/posts\/114395\/revisions"}],"wp:featuredmedia":[{"embeddable":true,"href":"https:\/\/www.europesays.com\/pt\/wp-json\/wp\/v2\/media\/114396"}],"wp:attachment":[{"href":"https:\/\/www.europesays.com\/pt\/wp-json\/wp\/v2\/media?parent=114395"}],"wp:term":[{"taxonomy":"category","embeddable":true,"href":"https:\/\/www.europesays.com\/pt\/wp-json\/wp\/v2\/categories?post=114395"},{"taxonomy":"post_tag","embeddable":true,"href":"https:\/\/www.europesays.com\/pt\/wp-json\/wp\/v2\/tags?post=114395"}],"curies":[{"name":"wp","href":"https:\/\/api.w.org\/{rel}","templated":true}]}}