{"id":114414,"date":"2025-10-17T09:35:35","date_gmt":"2025-10-17T09:35:35","guid":{"rendered":"https:\/\/www.europesays.com\/pt\/114414\/"},"modified":"2025-10-17T09:35:35","modified_gmt":"2025-10-17T09:35:35","slug":"espaco-educativo-da-exposicao-um-rio-nao-existe-sozinho-estudio-flume","status":"publish","type":"post","link":"https:\/\/www.europesays.com\/pt\/114414\/","title":{"rendered":"Espa\u00e7o Educativo da Exposi\u00e7\u00e3o Um rio n\u00e3o existe sozinho \/ Estudio Flume"},"content":{"rendered":"<p><a class=\"js-image-size__link \" href=\"https:\/\/www.archdaily.com.br\/br\/1035085\/espaco-educativo-da-exposicao-um-rio-nao-existe-sozinho-estudio-flume\/68efdc87711c1e0001f06852-espaco-educativo-da-exposicao-um-rio-nao-existe-sozinho-estudio-flume-foto\" rel=\"attachment nofollow noopener\" style=\"width: 100%; height: 100%;\" target=\"_blank\"><img decoding=\"async\" alt=\"Espa\u00e7o Educativo da Exposi\u00e7\u00e3o Um rio n\u00e3o existe sozinho \/ Estudio Flume - Imagem 1 de 14\" data-nr-picture-id=\"68efdc87711c1e0001f06852\" fetchpriority=\"high\" height=\"426\" itemprop=\"image\" loading=\"eager\" longdesc=\"https:\/\/www.archdaily.com.br\/br\/1035085\/espaco-educativo-da-exposicao-um-rio-nao-existe-sozinho-estudio-flume\/68efdc87711c1e0001f06852-espaco-educativo-da-exposicao-um-rio-nao-existe-sozinho-estudio-flume-foto\" src=\"https:\/\/www.europesays.com\/pt\/wp-content\/uploads\/2025\/10\/Estudio_Flume-27_Cred._Ana_Dias.jpg\" style=\"min-height: var(--featured-height, auto); aspect-ratio: auto 640 \/ 426\" width=\"640\"\/><\/a>\u00a9 Ana Dias<\/p>\n<p class=\"thumbs afd-desktop-e clearfix\"><a class=\"thumbs__link\" data-nr-picture-id=\"68efdc87711c1e0001f06851\" href=\"https:\/\/www.archdaily.com.br\/br\/1035085\/espaco-educativo-da-exposicao-um-rio-nao-existe-sozinho-estudio-flume\/68efdc87711c1e0001f06851-espaco-educativo-da-exposicao-um-rio-nao-existe-sozinho-estudio-flume-foto\" rel=\"attachment nofollow noopener\" target=\"_blank\"><img loading=\"lazy\" decoding=\"async\" alt=\"Espa\u00e7o Educativo da Exposi\u00e7\u00e3o Um rio n\u00e3o existe sozinho \/ Estudio Flume - Imagem 2 de 14\" class=\"thumbs__img b-lazy\" data-nr-picture-id=\"68efdc87711c1e0001f06851\" data-pin-nopin=\"true\" src=\"https:\/\/www.europesays.com\/pt\/wp-content\/uploads\/2025\/10\/Estudio_Flume-26_Cred._Ana_Dias.jpg\" height=\"125\" longdesc=\"https:\/\/www.archdaily.com.br\/br\/1035085\/espaco-educativo-da-exposicao-um-rio-nao-existe-sozinho-estudio-flume\/68efdc87711c1e0001f06851-espaco-educativo-da-exposicao-um-rio-nao-existe-sozinho-estudio-flume-foto\" title=\"\u00a9 Ana Dias\" width=\"125\"\/><\/a><a class=\"thumbs__link\" data-nr-picture-id=\"68efdc85711c1e0001f06849\" href=\"https:\/\/www.archdaily.com.br\/br\/1035085\/espaco-educativo-da-exposicao-um-rio-nao-existe-sozinho-estudio-flume\/68efdc85711c1e0001f06849-espaco-educativo-da-exposicao-um-rio-nao-existe-sozinho-estudio-flume-foto\" rel=\"attachment nofollow noopener\" target=\"_blank\"><img loading=\"lazy\" decoding=\"async\" alt=\"Espa\u00e7o Educativo da Exposi\u00e7\u00e3o Um rio n\u00e3o existe sozinho \/ Estudio Flume - Imagem 3 de 14\" class=\"thumbs__img b-lazy\" data-nr-picture-id=\"68efdc85711c1e0001f06849\" data-pin-nopin=\"true\" src=\"https:\/\/www.europesays.com\/pt\/wp-content\/uploads\/2025\/10\/Estudio_Flume-9_Cred._Ana_Dias.jpg\" height=\"125\" longdesc=\"https:\/\/www.archdaily.com.br\/br\/1035085\/espaco-educativo-da-exposicao-um-rio-nao-existe-sozinho-estudio-flume\/68efdc85711c1e0001f06849-espaco-educativo-da-exposicao-um-rio-nao-existe-sozinho-estudio-flume-foto\" title=\"\u00a9 Ana Dias\" width=\"125\"\/><\/a><a class=\"thumbs__link\" data-nr-picture-id=\"68efdc85711c1e0001f0684a\" href=\"https:\/\/www.archdaily.com.br\/br\/1035085\/espaco-educativo-da-exposicao-um-rio-nao-existe-sozinho-estudio-flume\/68efdc85711c1e0001f0684a-espaco-educativo-da-exposicao-um-rio-nao-existe-sozinho-estudio-flume-foto\" rel=\"attachment nofollow noopener\" target=\"_blank\"><img loading=\"lazy\" decoding=\"async\" alt=\"Espa\u00e7o Educativo da Exposi\u00e7\u00e3o Um rio n\u00e3o existe sozinho \/ Estudio Flume - Imagem 4 de 14\" class=\"thumbs__img b-lazy\" data-nr-picture-id=\"68efdc85711c1e0001f0684a\" data-pin-nopin=\"true\" src=\"https:\/\/www.europesays.com\/pt\/wp-content\/uploads\/2025\/10\/Estudio_Flume-11_Cred._Ana_Dias.jpg\" height=\"125\" longdesc=\"https:\/\/www.archdaily.com.br\/br\/1035085\/espaco-educativo-da-exposicao-um-rio-nao-existe-sozinho-estudio-flume\/68efdc85711c1e0001f0684a-espaco-educativo-da-exposicao-um-rio-nao-existe-sozinho-estudio-flume-foto\" title=\"\u00a9 Ana Dias\" width=\"125\"\/><\/a><a class=\"thumbs__link\" data-nr-picture-id=\"68efdc87711c1e0001f06850\" href=\"https:\/\/www.archdaily.com.br\/br\/1035085\/espaco-educativo-da-exposicao-um-rio-nao-existe-sozinho-estudio-flume\/68efdc87711c1e0001f06850-espaco-educativo-da-exposicao-um-rio-nao-existe-sozinho-estudio-flume-foto\" rel=\"attachment nofollow noopener\" target=\"_blank\"><img loading=\"lazy\" decoding=\"async\" alt=\"Espa\u00e7o Educativo da Exposi\u00e7\u00e3o Um rio n\u00e3o existe sozinho \/ Estudio Flume - Imagem 5 de 14\" class=\"thumbs__img b-lazy\" data-nr-picture-id=\"68efdc87711c1e0001f06850\" data-pin-nopin=\"true\" src=\"https:\/\/www.europesays.com\/pt\/wp-content\/uploads\/2025\/10\/Estudio_Flume-25_Cred._Ana_Dias.jpg\" height=\"125\" longdesc=\"https:\/\/www.archdaily.com.br\/br\/1035085\/espaco-educativo-da-exposicao-um-rio-nao-existe-sozinho-estudio-flume\/68efdc87711c1e0001f06850-espaco-educativo-da-exposicao-um-rio-nao-existe-sozinho-estudio-flume-foto\" title=\"\u00a9 Ana Dias\" width=\"125\"\/><\/a><a class=\"gallery-link afd-desktop-e\" href=\"https:\/\/www.archdaily.com.br\/br\/1035085\/espaco-educativo-da-exposicao-um-rio-nao-existe-sozinho-estudio-flume\/68efdc87711c1e0001f06852-espaco-educativo-da-exposicao-um-rio-nao-existe-sozinho-estudio-flume-foto\" rel=\"nofollow noopener\" target=\"_blank\"><img decoding=\"async\" alt=\"Espa\u00e7o Educativo da Exposi\u00e7\u00e3o Um rio n\u00e3o existe sozinho \/ Estudio Flume - Mais Imagens\" class=\"thumbs__img b-lazy\" src=\"https:\/\/www.europesays.com\/pt\/wp-content\/uploads\/2025\/10\/Estudio_Flume-27_Cred._Ana_Dias.jpg\" itemprop=\"image\" bad-src=\"data:image\/gif;base64,R0lGODlhAQABAIAAAAUEBAAAACwAAAAAAQABAAACAkQBADs=\"\/>+ 9<\/a><\/p>\n<p>    Compartilhar<\/p>\n<p>Compartilhar<\/p>\n<ul class=\"afd-share__networks clearfix\">\n<li class=\"afd-share__social\"><a aria-label=\"Facebook\" class=\"afd-share__button\" data-insights-category=\"share\" data-insights-label=\"facebook_sharing_options\" data-insights-value=\"1035085\" data-social=\"facebook\" href=\"https:\/\/www.facebook.com\/sharer\/sharer.php?u=https:\/\/www.archdaily.com.br\/br\/1035085\/espaco-educativo-da-exposicao-um-rio-nao-existe-sozinho-estudio-flume\" rel=\"nofollow noopener\" target=\"_blank\"><\/a>\n<p>Facebook<\/p>\n<\/li>\n<li class=\"afd-share__social\"><a aria-label=\"Twitter\" class=\"afd-share__button\" data-insights-category=\"share\" data-insights-label=\"twitter_sharing_options\" data-insights-value=\"1035085\" data-social=\"twitter\" href=\"https:\/\/twitter.com\/intent\/tweet?text=Espa%C3%A7o%20Educativo%20da%20Exposi%C3%A7%C3%A3o%20Um%20rio%20n%C3%A3o%20existe%20sozinho%20%2F%20Estudio%20Flume&amp;url=https:\/\/www.archdaily.com.br\/br\/1035085\/espaco-educativo-da-exposicao-um-rio-nao-existe-sozinho-estudio-flume&amp;via=archdailybr\" rel=\"nofollow noopener\" target=\"_blank\"><\/a>\n<p>Twitter<\/p>\n<\/li>\n<li class=\"afd-share__social\"><a class=\"afd-share__button\" data-insights-category=\"share\" data-insights-label=\"email_sharing_options\" data-insights-value=\"1035085\" data-social=\"email\" href=\"mailto:?subject=Espa\u00e7o Educativo da Exposi\u00e7\u00e3o Um rio n\u00e3o existe sozinho \/ Estudio Flume&amp;body=https:\/\/www.archdaily.com.br\/br\/1035085\/espaco-educativo-da-exposicao-um-rio-nao-existe-sozinho-estudio-flume\"><\/a>\n<p>Mail<\/p>\n<\/li>\n<li class=\"afd-share__social\"><a aria-label=\"Pinterest\" class=\"afd-share__button\" data-insights-category=\"share\" data-insights-label=\"pinterest_sharing_options\" data-insights-value=\"1035085\" data-social=\"pinterest\" href=\"https:\/\/pinterest.com\/pin\/create\/button\/?url=https%3A%2F%2Fwww.archdaily.com.br%2Fbr%2F1035085%2Fespaco-educativo-da-exposicao-um-rio-nao-existe-sozinho-estudio-flume&amp;media=https%3A%2F%2Fimages.adsttc.com%2Fmedia%2Fimages%2F68ef%2Fdc87%2F711c%2F1e00%2F01f0%2F6852%2Flarge_jpg%2FEstudio_Flume-27_Cred._Ana_Dias.jpg%3F1760550233&amp;description=Espa%C3%A7o%20Educativo%20da%20Exposi%C3%A7%C3%A3o%20Um%20rio%20n%C3%A3o%20existe%20sozinho%20%2F%20Estudio%20Flume\" rel=\"nofollow noopener\" target=\"_blank\"><\/a>\n<p>Pinterest<\/p>\n<\/li>\n<li class=\"afd-share__social\"><a aria-label=\"Whatsapp\" class=\"afd-share__button\" data-action=\"share\/whatsapp\/share\" data-insights-category=\"share\" data-insights-label=\"whatsapp_sharing_options\" data-insights-value=\"1035085\" data-social=\"whatsapp\" href=\"whatsapp:\/\/send?text=Espa%C3%A7o+Educativo+da+Exposi%C3%A7%C3%A3o+Um+rio+n%C3%A3o+existe+sozinho+%2F+Estudio+Flume+%7C+https%3A%2F%2Fwww.archdaily.com.br%2Fbr%2F1035085%2Fespaco-educativo-da-exposicao-um-rio-nao-existe-sozinho-estudio-flume%3Futm_source%3DWhatsapp%26utm_medium%3DIM%26utm_campaign%3Dshare-button\" rel=\"nofollow\"><\/a>\n<p>Whatsapp<\/p>\n<\/li>\n<\/ul>\n<p>Ou<\/p>\n<p>https:\/\/www.archdaily.com.br\/br\/1035085\/espaco-educativo-da-exposicao-um-rio-nao-existe-sozinho-estudio-flume<\/p>\n<ul class=\"afd-char-list afd-specs__item-container js-char-list\">\n<li class=\"afd-specs__item\">\n<\/li>\n<li class=\"afd-specs__item\">\n  \u00c1rea<br \/>\n  \u00c1rea deste projeto de arquitetura<\/p>\n<p>\u00c1rea:\u00a0<br \/>\n        <a href=\"https:\/\/www.archdaily.com.br\/search\/br\/projects\/min_area\/56\/max_area\/84?ad_name=project-specs&amp;ad_medium=single\" rel=\"nofollow noopener\" target=\"_blank\">70<\/a> m\u00b2<\/li>\n<li class=\"afd-specs__item\">\n<p>  Ano<br \/>\n  Ano de conclus\u00e3o deste projeto de arquitetura<\/p>\n<p>            Ano:\u00a0<\/p>\n<p>                    <a href=\"https:\/\/www.archdaily.com.br\/search\/br\/projects\/year\/2025?ad_name=project-specs&amp;ad_medium=single\" rel=\"nofollow noopener\" target=\"_blank\"><br \/>\n          2025<br \/>\n        <\/a><\/p>\n<\/li>\n<li class=\"afd-specs__item\">\n<p>  Fot\u00f3grafo<\/p>\n<\/li>\n<\/ul>\n<p><a class=\"js-image-size__link lazy-anchor\" href=\"https:\/\/www.archdaily.com.br\/br\/1035085\/espaco-educativo-da-exposicao-um-rio-nao-existe-sozinho-estudio-flume\/68efdc84711c1e0001f06846-espaco-educativo-da-exposicao-um-rio-nao-existe-sozinho-estudio-flume-foto\" rel=\"nofollow noopener\" target=\"_blank\"><img decoding=\"async\" alt=\"Espa\u00e7o Educativo da Exposi\u00e7\u00e3o Um rio n\u00e3o existe sozinho \/ Estudio Flume - Imagem 6 de 14\" data-nr-picture-id=\"68efdc84711c1e0001f06846\" height=\"427\" itemprop=\"image\" loading=\"lazy\" longdesc=\"https:\/\/www.archdaily.com.br\/br\/1035085\/espaco-educativo-da-exposicao-um-rio-nao-existe-sozinho-estudio-flume\/68efdc84711c1e0001f06846-espaco-educativo-da-exposicao-um-rio-nao-existe-sozinho-estudio-flume-foto\" src=\"https:\/\/www.europesays.com\/pt\/wp-content\/uploads\/2025\/10\/Estudio_Flume-6_Cred._Ana_Dias.jpg\" width=\"640\"\/>\u00a9 Ana Dias<\/a><\/p>\n<p>Descri\u00e7\u00e3o enviada pela equipe de projeto. O pavilh\u00e3o educativo integra a exposi\u00e7\u00e3o Um rio n\u00e3o existe sozinho, projeto do Instituto Tomie Ohtake, com curadoria de Sabrina Fontenele e V\u00e2nia Leal, criado para dialogar com os temas urgentes trazidos pela 30\u00aa Confer\u00eancia da ONU sobre Mudan\u00e7as Clim\u00e1ticas (COP 30). A proposta reafirma a voca\u00e7\u00e3o do Est\u00fadio Flume em compreender a arquitetura como ferramenta de impacto social e ambiental. A estrutura prop\u00f5e um gesto de leveza e integra\u00e7\u00e3o com a paisagem do Parque Zoobot\u00e2nico, traduzindo princ\u00edpios de sustentabilidade e escuta territorial em uma experi\u00eancia arquitet\u00f4nica e pedag\u00f3gica.<\/p>\n<p><a class=\"js-image-size__link lazy-anchor\" href=\"https:\/\/www.archdaily.com.br\/br\/1035085\/espaco-educativo-da-exposicao-um-rio-nao-existe-sozinho-estudio-flume\/68efdc87711c1e0001f06851-espaco-educativo-da-exposicao-um-rio-nao-existe-sozinho-estudio-flume-foto\" rel=\"nofollow noopener\" target=\"_blank\"><img decoding=\"async\" alt=\"Espa\u00e7o Educativo da Exposi\u00e7\u00e3o Um rio n\u00e3o existe sozinho \/ Estudio Flume - Imagem 2 de 14\" data-nr-picture-id=\"68efdc87711c1e0001f06851\" height=\"427\" itemprop=\"image\" loading=\"lazy\" longdesc=\"https:\/\/www.archdaily.com.br\/br\/1035085\/espaco-educativo-da-exposicao-um-rio-nao-existe-sozinho-estudio-flume\/68efdc87711c1e0001f06851-espaco-educativo-da-exposicao-um-rio-nao-existe-sozinho-estudio-flume-foto\" src=\"https:\/\/www.europesays.com\/pt\/wp-content\/uploads\/2025\/10\/1760693733_362_Estudio_Flume-26_Cred._Ana_Dias.jpg\" width=\"640\"\/>\u00a9 Ana Dias<\/a><a class=\"js-image-size__link lazy-anchor\" href=\"https:\/\/www.archdaily.com.br\/br\/1035085\/espaco-educativo-da-exposicao-um-rio-nao-existe-sozinho-estudio-flume\/68efdc85711c1e0001f0684a-espaco-educativo-da-exposicao-um-rio-nao-existe-sozinho-estudio-flume-foto\" rel=\"nofollow noopener\" target=\"_blank\"><img decoding=\"async\" alt=\"Espa\u00e7o Educativo da Exposi\u00e7\u00e3o Um rio n\u00e3o existe sozinho \/ Estudio Flume - Imagem 4 de 14\" data-nr-picture-id=\"68efdc85711c1e0001f0684a\" height=\"427\" itemprop=\"image\" loading=\"lazy\" longdesc=\"https:\/\/www.archdaily.com.br\/br\/1035085\/espaco-educativo-da-exposicao-um-rio-nao-existe-sozinho-estudio-flume\/68efdc85711c1e0001f0684a-espaco-educativo-da-exposicao-um-rio-nao-existe-sozinho-estudio-flume-foto\" src=\"https:\/\/www.europesays.com\/pt\/wp-content\/uploads\/2025\/10\/1760693733_496_Estudio_Flume-11_Cred._Ana_Dias.jpg\" width=\"640\"\/>\u00a9 Ana Dias<\/a><\/p>\n<p>Com cerca de 70 m\u00b2 de \u00e1rea, o pavilh\u00e3o \u00e9 formado por m\u00f3dulos independentes e adapt\u00e1veis que se articulam em diferentes composi\u00e7\u00f5es, criando \u00e1reas cobertas e descobertas destinadas a atividades educativas e de conviv\u00eancia.<strong> A modularidade garante flexibilidade, montagem simplificada e baixo impacto ambiental, permitindo futuras expans\u00f5es ou reconfigura\u00e7\u00f5es conforme a din\u00e2mica de uso.<\/strong><\/p>\n<p><a class=\"js-image-size__link lazy-anchor\" href=\"https:\/\/www.archdaily.com.br\/br\/1035085\/espaco-educativo-da-exposicao-um-rio-nao-existe-sozinho-estudio-flume\/68efdc85711c1e0001f06849-espaco-educativo-da-exposicao-um-rio-nao-existe-sozinho-estudio-flume-foto\" rel=\"nofollow noopener\" target=\"_blank\"><img decoding=\"async\" alt=\"Espa\u00e7o Educativo da Exposi\u00e7\u00e3o Um rio n\u00e3o existe sozinho \/ Estudio Flume - Imagem 3 de 14\" data-nr-picture-id=\"68efdc85711c1e0001f06849\" height=\"427\" itemprop=\"image\" loading=\"lazy\" longdesc=\"https:\/\/www.archdaily.com.br\/br\/1035085\/espaco-educativo-da-exposicao-um-rio-nao-existe-sozinho-estudio-flume\/68efdc85711c1e0001f06849-espaco-educativo-da-exposicao-um-rio-nao-existe-sozinho-estudio-flume-foto\" src=\"https:\/\/www.europesays.com\/pt\/wp-content\/uploads\/2025\/10\/1760693734_380_Estudio_Flume-9_Cred._Ana_Dias.jpg\" width=\"640\"\/>\u00a9 Ana Dias<\/a><\/p>\n<p>Entre seus destaques est\u00e3o o uso de t\u00e9cnicas e materiais locais, como <strong>madeira certificada e palha de ubu\u00e7u, que asseguram conforto t\u00e9rmico e integra\u00e7\u00e3o visual com o entorno.<\/strong> A estrutura em madeira laminada colada foi dimensionada para otimizar recursos e reduzir deslocamentos, com pilares, vigas e ter\u00e7as leves e precisos. A cobertura perme\u00e1vel favorece a ventila\u00e7\u00e3o natural e o di\u00e1logo entre interior e exterior, explorando zonas de transi\u00e7\u00e3o que ampliam a conviv\u00eancia e a sensa\u00e7\u00e3o de pertencimento.<\/p>\n<p><a class=\"js-image-size__link lazy-anchor\" href=\"https:\/\/www.archdaily.com.br\/br\/1035085\/espaco-educativo-da-exposicao-um-rio-nao-existe-sozinho-estudio-flume\/68efdef9d88c70385b3df78b-espaco-educativo-da-exposicao-um-rio-nao-existe-sozinho-estudio-flume-planta-baixa\" rel=\"nofollow noopener\" target=\"_blank\"><img decoding=\"async\" alt=\"Espa\u00e7o Educativo da Exposi\u00e7\u00e3o Um rio n\u00e3o existe sozinho \/ Estudio Flume - Imagem 12 de 14\" data-nr-picture-id=\"68efdef9d88c70385b3df78b\" height=\"427\" itemprop=\"image\" loading=\"lazy\" longdesc=\"https:\/\/www.archdaily.com.br\/br\/1035085\/espaco-educativo-da-exposicao-um-rio-nao-existe-sozinho-estudio-flume\/68efdef9d88c70385b3df78b-espaco-educativo-da-exposicao-um-rio-nao-existe-sozinho-estudio-flume-planta-baixa\" src=\"https:\/\/www.europesays.com\/pt\/wp-content\/uploads\/2025\/10\/planta-pavilh-o-do-educativo-da-exposi-o-um-rio-n-o-existe-sozinho-2025-estudio-flume-14.jpg\" width=\"640\"\/>Planta baixa<\/a><a class=\"js-image-size__link lazy-anchor\" href=\"https:\/\/www.archdaily.com.br\/br\/1035085\/espaco-educativo-da-exposicao-um-rio-nao-existe-sozinho-estudio-flume\/68efdef998525e12fb6d69aa-espaco-educativo-da-exposicao-um-rio-nao-existe-sozinho-estudio-flume-isometrica\" rel=\"nofollow noopener\" target=\"_blank\"><img decoding=\"async\" alt=\"Espa\u00e7o Educativo da Exposi\u00e7\u00e3o Um rio n\u00e3o existe sozinho \/ Estudio Flume - Imagem 13 de 14\" data-nr-picture-id=\"68efdef998525e12fb6d69aa\" height=\"427\" itemprop=\"image\" loading=\"lazy\" longdesc=\"https:\/\/www.archdaily.com.br\/br\/1035085\/espaco-educativo-da-exposicao-um-rio-nao-existe-sozinho-estudio-flume\/68efdef998525e12fb6d69aa-espaco-educativo-da-exposicao-um-rio-nao-existe-sozinho-estudio-flume-isometrica\" src=\"https:\/\/www.europesays.com\/pt\/wp-content\/uploads\/2025\/10\/isom-trica-do-pavilh-o-do-educativo-da-exposi-o-um-rio-n-o-existe-sozinho-2025-estudio-flume-13.jpg\" width=\"640\"\/>Isom\u00e9trica<\/a><\/p>\n<p>Mais do que um abrigo, o pavilh\u00e3o foi concebido como um espa\u00e7o de encontro entre visitantes, educadores e comunidade. Durante a exposi\u00e7\u00e3o, abrigar\u00e1 a programa\u00e7\u00e3o educativa e atividades colaborativas, mas tamb\u00e9m se prop\u00f5e como <strong>prot\u00f3tipo de arquitetura sustent\u00e1vel para contextos amaz\u00f4nicos<\/strong> \u2014 estruturas simples, replic\u00e1veis e de baixo impacto, voltadas a lugares onde o acesso \u00e9 dif\u00edcil e cada gesto construtivo precisa ter sentido.<\/p>\n<p><a class=\"js-image-size__link lazy-anchor\" href=\"https:\/\/www.archdaily.com.br\/br\/1035085\/espaco-educativo-da-exposicao-um-rio-nao-existe-sozinho-estudio-flume\/68efdc87711c1e0001f06850-espaco-educativo-da-exposicao-um-rio-nao-existe-sozinho-estudio-flume-foto\" rel=\"nofollow noopener\" target=\"_blank\"><img decoding=\"async\" alt=\"Espa\u00e7o Educativo da Exposi\u00e7\u00e3o Um rio n\u00e3o existe sozinho \/ Estudio Flume - Imagem 5 de 14\" data-nr-picture-id=\"68efdc87711c1e0001f06850\" height=\"427\" itemprop=\"image\" loading=\"lazy\" longdesc=\"https:\/\/www.archdaily.com.br\/br\/1035085\/espaco-educativo-da-exposicao-um-rio-nao-existe-sozinho-estudio-flume\/68efdc87711c1e0001f06850-espaco-educativo-da-exposicao-um-rio-nao-existe-sozinho-estudio-flume-foto\" src=\"https:\/\/www.europesays.com\/pt\/wp-content\/uploads\/2025\/10\/1760693734_565_Estudio_Flume-25_Cred._Ana_Dias.jpg\" width=\"640\"\/>\u00a9 Ana Dias<\/a><\/p>\n<p>O projeto nasce como um exerc\u00edcio de escuta e experimenta\u00e7\u00e3o: um ensaio sobre como construir com o territ\u00f3rio. <strong>A inspira\u00e7\u00e3o nas canoas dos ribeirinhos de <a href=\"https:\/\/www.archdaily.com.br\/br\/tag\/belem\" rel=\"nofollow noopener\" target=\"_blank\">Bel\u00e9m<\/a> e do Maraj\u00f3 orientou o gesto de curvar a madeira, unindo t\u00e9cnica e tradi\u00e7\u00e3o.<\/strong> Para reduzir dist\u00e2ncias e valorizar o tempo do fazer, o laminado colado foi produzido no pr\u00f3prio local, permitindo que mat\u00e9ria, clima e processo se encontrassem.<\/p>\n<p><a class=\"js-image-size__link lazy-anchor\" href=\"https:\/\/www.archdaily.com.br\/br\/1035085\/espaco-educativo-da-exposicao-um-rio-nao-existe-sozinho-estudio-flume\/68efdc84711c1e0001f06847-espaco-educativo-da-exposicao-um-rio-nao-existe-sozinho-estudio-flume-foto\" rel=\"nofollow noopener\" target=\"_blank\"><img decoding=\"async\" alt=\"Espa\u00e7o Educativo da Exposi\u00e7\u00e3o Um rio n\u00e3o existe sozinho \/ Estudio Flume - Imagem 10 de 14\" data-nr-picture-id=\"68efdc84711c1e0001f06847\" height=\"427\" itemprop=\"image\" loading=\"lazy\" longdesc=\"https:\/\/www.archdaily.com.br\/br\/1035085\/espaco-educativo-da-exposicao-um-rio-nao-existe-sozinho-estudio-flume\/68efdc84711c1e0001f06847-espaco-educativo-da-exposicao-um-rio-nao-existe-sozinho-estudio-flume-foto\" src=\"https:\/\/www.europesays.com\/pt\/wp-content\/uploads\/2025\/10\/Estudio_Flume-7_Cred._Ana_Dias.jpg\" width=\"640\"\/>\u00a9 Ana Dias<\/a><script async src=\"https:\/\/platform.twitter.com\/widgets.js\" charset=\"utf-8\"><\/script><\/p>\n","protected":false},"excerpt":{"rendered":"\u00a9 Ana Dias + 9 Compartilhar Compartilhar Facebook Twitter Mail Pinterest Whatsapp Ou https:\/\/www.archdaily.com.br\/br\/1035085\/espaco-educativo-da-exposicao-um-rio-nao-existe-sozinho-estudio-flume \u00c1rea \u00c1rea deste projeto&hellip;\n","protected":false},"author":2,"featured_media":114415,"comment_status":"","ping_status":"","sticky":false,"template":"","format":"standard","meta":{"footnotes":""},"categories":[144],"tags":[304,4716,207,205,206,203,201,202,4508,204,114,115,13504,32,33],"class_list":{"0":"post-114414","1":"post","2":"type-post","3":"status-publish","4":"format-standard","5":"has-post-thumbnail","7":"category-arte-e-design","8":"tag-arquitetura","9":"tag-arquitetura-cultural","10":"tag-arte","11":"tag-arte-e-design","12":"tag-artedesign","13":"tag-arts","14":"tag-arts-and-design","15":"tag-artsanddesign","16":"tag-belem","17":"tag-design","18":"tag-entertainment","19":"tag-entretenimento","20":"tag-instalacoes-temporarias","21":"tag-portugal","22":"tag-pt"},"share_on_mastodon":{"url":"","error":""},"_links":{"self":[{"href":"https:\/\/www.europesays.com\/pt\/wp-json\/wp\/v2\/posts\/114414","targetHints":{"allow":["GET"]}}],"collection":[{"href":"https:\/\/www.europesays.com\/pt\/wp-json\/wp\/v2\/posts"}],"about":[{"href":"https:\/\/www.europesays.com\/pt\/wp-json\/wp\/v2\/types\/post"}],"author":[{"embeddable":true,"href":"https:\/\/www.europesays.com\/pt\/wp-json\/wp\/v2\/users\/2"}],"replies":[{"embeddable":true,"href":"https:\/\/www.europesays.com\/pt\/wp-json\/wp\/v2\/comments?post=114414"}],"version-history":[{"count":0,"href":"https:\/\/www.europesays.com\/pt\/wp-json\/wp\/v2\/posts\/114414\/revisions"}],"wp:featuredmedia":[{"embeddable":true,"href":"https:\/\/www.europesays.com\/pt\/wp-json\/wp\/v2\/media\/114415"}],"wp:attachment":[{"href":"https:\/\/www.europesays.com\/pt\/wp-json\/wp\/v2\/media?parent=114414"}],"wp:term":[{"taxonomy":"category","embeddable":true,"href":"https:\/\/www.europesays.com\/pt\/wp-json\/wp\/v2\/categories?post=114414"},{"taxonomy":"post_tag","embeddable":true,"href":"https:\/\/www.europesays.com\/pt\/wp-json\/wp\/v2\/tags?post=114414"}],"curies":[{"name":"wp","href":"https:\/\/api.w.org\/{rel}","templated":true}]}}