{"id":114434,"date":"2025-10-17T09:47:29","date_gmt":"2025-10-17T09:47:29","guid":{"rendered":"https:\/\/www.europesays.com\/pt\/114434\/"},"modified":"2025-10-17T09:47:29","modified_gmt":"2025-10-17T09:47:29","slug":"chuva-vento-e-mais-frio-a-partir-de-domingo","status":"publish","type":"post","link":"https:\/\/www.europesays.com\/pt\/114434\/","title":{"rendered":"Chuva, vento e mais frio a partir de domingo"},"content":{"rendered":"<p>&#8220;A partir de hoje vamos ter gradualmente uma mudan\u00e7a da situa\u00e7\u00e3o meteorol\u00f3gica que ser\u00e1 mais significativa no domingo. Hoje ainda \u00e9 um dia com temperaturas elevadas, muito semelhantes \u00e0s que t\u00eam sido registadas nos dias anteriores&#8221;, disse \u00e0 Lusa a meteorologista \u00c2ngela Louren\u00e7o, do Instituto Portugu\u00eas do Mar e da Atmosfera (IPMA).<\/p>\n<p data-remotead-prev-elm=\"true\" data-remotead-elm-id=\"inread\">A partir de s\u00e1bado vai aproximar-se um sistema frontal que vai trazer algumas mudan\u00e7as meteorol\u00f3gicas com chuva, vento mais intenso e descida das temperaturas m\u00e1ximas, explicou. &#8220;O domingo ser\u00e1 um dia j\u00e1 com chuva praticamente em todo o territ\u00f3rio. O sistema frontal vai atravessar o territ\u00f3rio de norte para sul, apesar de nas regi\u00f5es do Baixo Alentejo e Algarve poderem ser menos frequentes&#8221;, acrescentou.<\/p>\n<p>Segundo a meteorologista do IPMA, est\u00e1 previsto tamb\u00e9m um aumento da intensidade do vento, sendo por vezes forte no litoral a norte do Cabo Carvoeiro e terras altas.<\/p>\n<p data-remotead-prev-elm=\"true\" data-remotead-elm-id=\"centro1\">&#8220;Com esta situa\u00e7\u00e3o, vamos ter uma descida da temperatura, principalmente da m\u00e1xima, no domingo. Em m\u00e9dia pode haver aqui valores entre 5 a 7 graus, podendo haver zonas do territ\u00f3rio nas zonas mais a norte com descidas at\u00e9 9 graus&#8221;, disse, acrescentando que as m\u00ednimas n\u00e3o dever\u00e3o registar altera\u00e7\u00f5es significativas.<\/p>\n<p>A chuva dever\u00e1 manter-se durante a pr\u00f3xima semana, mas com varia\u00e7\u00f5es. &#8220;Vai haver per\u00edodos ou dias em que a precipita\u00e7\u00e3o \u00e9 menos prov\u00e1vel e outros em que poder\u00e1 ocorrer em todo o territ\u00f3rio. A pr\u00f3xima semana ser\u00e1 caracterizada pela ocorr\u00eancia de precipita\u00e7\u00e3o no norte e centro, mas afetar um dia ou outro a regi\u00e3o sul&#8221;, indicou.<\/p>\n<p data-remotead-prev-elm=\"true\" data-remotead-elm-id=\"centro2\">No final da pr\u00f3xima semana, os valores da temperatura estar\u00e3o a rondar os 23\/24 graus e nas regi\u00f5es mais a norte 19\/20 graus.<\/p>\n","protected":false},"excerpt":{"rendered":"&#8220;A partir de hoje vamos ter gradualmente uma mudan\u00e7a da situa\u00e7\u00e3o meteorol\u00f3gica que ser\u00e1 mais significativa no domingo.&hellip;\n","protected":false},"author":2,"featured_media":87942,"comment_status":"","ping_status":"","sticky":false,"template":"","format":"standard","meta":{"footnotes":""},"categories":[8],"tags":[27,28,2139,15,16,9086,14,350,25,26,21,22,619,12,13,19,20,32,23,24,33,17,18,29,30,31],"class_list":{"0":"post-114434","1":"post","2":"type-post","3":"status-publish","4":"format-standard","5":"has-post-thumbnail","7":"category-principais-noticias","8":"tag-breaking-news","9":"tag-breakingnews","10":"tag-chuva","11":"tag-featured-news","12":"tag-featurednews","13":"tag-frio","14":"tag-headlines","15":"tag-ipma","16":"tag-latest-news","17":"tag-latestnews","18":"tag-main-news","19":"tag-mainnews","20":"tag-nacional","21":"tag-news","22":"tag-noticias","23":"tag-noticias-principais","24":"tag-noticiasprincipais","25":"tag-portugal","26":"tag-principais-noticias","27":"tag-principaisnoticias","28":"tag-pt","29":"tag-top-stories","30":"tag-topstories","31":"tag-ultimas","32":"tag-ultimas-noticias","33":"tag-ultimasnoticias"},"share_on_mastodon":{"url":"","error":""},"_links":{"self":[{"href":"https:\/\/www.europesays.com\/pt\/wp-json\/wp\/v2\/posts\/114434","targetHints":{"allow":["GET"]}}],"collection":[{"href":"https:\/\/www.europesays.com\/pt\/wp-json\/wp\/v2\/posts"}],"about":[{"href":"https:\/\/www.europesays.com\/pt\/wp-json\/wp\/v2\/types\/post"}],"author":[{"embeddable":true,"href":"https:\/\/www.europesays.com\/pt\/wp-json\/wp\/v2\/users\/2"}],"replies":[{"embeddable":true,"href":"https:\/\/www.europesays.com\/pt\/wp-json\/wp\/v2\/comments?post=114434"}],"version-history":[{"count":0,"href":"https:\/\/www.europesays.com\/pt\/wp-json\/wp\/v2\/posts\/114434\/revisions"}],"wp:featuredmedia":[{"embeddable":true,"href":"https:\/\/www.europesays.com\/pt\/wp-json\/wp\/v2\/media\/87942"}],"wp:attachment":[{"href":"https:\/\/www.europesays.com\/pt\/wp-json\/wp\/v2\/media?parent=114434"}],"wp:term":[{"taxonomy":"category","embeddable":true,"href":"https:\/\/www.europesays.com\/pt\/wp-json\/wp\/v2\/categories?post=114434"},{"taxonomy":"post_tag","embeddable":true,"href":"https:\/\/www.europesays.com\/pt\/wp-json\/wp\/v2\/tags?post=114434"}],"curies":[{"name":"wp","href":"https:\/\/api.w.org\/{rel}","templated":true}]}}