{"id":114439,"date":"2025-10-17T09:53:14","date_gmt":"2025-10-17T09:53:14","guid":{"rendered":"https:\/\/www.europesays.com\/pt\/114439\/"},"modified":"2025-10-17T09:53:14","modified_gmt":"2025-10-17T09:53:14","slug":"vem-ai-em-a-protegida-mensagem-deixa-monica-em-choque-absoluto-novelas","status":"publish","type":"post","link":"https:\/\/www.europesays.com\/pt\/114439\/","title":{"rendered":"Vem a\u00ed em \u00abA Protegida\u00bb: Mensagem deixa M\u00f3nica em choque absoluto &#8211; Novelas"},"content":{"rendered":"<p>Em \u00abA Protegida\u00bb, <a href=\"https:\/\/tvi.iol.pt\/novelas\/joao-bettencourt\/catarina-nifo\/vem-ai-a-protegida-goncalo-fica-paralisado-no-chao\" rel=\"nofollow noopener\" target=\"_blank\">Gon\u00e7alo (Jo\u00e3o Bettencourt)<\/a>\u00a0liga a Duarte (Gon\u00e7alo Braga), mas ele n\u00e3o atende. Gon\u00e7alo promete encontr\u00e1-lo e arrast\u00e1-lo at\u00e9 \u00e0 esquadra. <a href=\"https:\/\/tvi.iol.pt\/novelas\/videos\/clarice-emociona-se-ao-saber-que-e-avo-e-monica-chora\/68a5eb840cf216cd3ad3a1c1\" target=\"_blank\" rel=\"nofollow noopener\">M\u00f3nica (Catarina Nifo)<\/a>\u00a0aconselha o irm\u00e3o a n\u00e3o fazer nada, pois j\u00e1 tem problemas que cheguem. Gon\u00e7alo diz que ao menos o pai passou a noite l\u00e1 em casa e n\u00e3o dormiu no sof\u00e1. Gon\u00e7alo recebe uma mensagem de Duarte, que M\u00f3nica v\u00ea e que a deixa em choque.<\/p>\n<p>M\u00f3nica mostra aos pais a mensagem que Duarte enviou para Gon\u00e7alo e ficam todos escandalizados por ele ainda ter a lata de chantagear Gon\u00e7alo. Jorge diz que trata daquele assunto sozinho, mas Clarice tamb\u00e9m quer participar e diz que para proteger Gon\u00e7alo, devem unir-se todos.<\/p>\n<p>Recorde-se que Duarte andou a seduzir Clarice e tentou viol\u00e1-la:<\/p>\n","protected":false},"excerpt":{"rendered":"Em \u00abA Protegida\u00bb, Gon\u00e7alo (Jo\u00e3o Bettencourt)\u00a0liga a Duarte (Gon\u00e7alo Braga), mas ele n\u00e3o atende. Gon\u00e7alo promete encontr\u00e1-lo e&hellip;\n","protected":false},"author":2,"featured_media":114440,"comment_status":"","ping_status":"","sticky":false,"template":"","format":"standard","meta":{"footnotes":""},"categories":[142],"tags":[168,160,10915,166,114,115,157,167,7991,1407,164,10916,161,158,165,159,32,33,156,163,151,162],"class_list":{"0":"post-114439","1":"post","2":"type-post","3":"status-publish","4":"format-standard","5":"has-post-thumbnail","7":"category-tv","8":"tag-a-protegida","9":"tag-ana-guiomar","10":"tag-catarina-nifo","11":"tag-cristina-ferreira","12":"tag-entertainment","13":"tag-entretenimento","14":"tag-festa-e-festa","15":"tag-ficcao","16":"tag-goncalo","17":"tag-joao-bettencourt","18":"tag-jose-fidalgo","19":"tag-monica","20":"tag-novelas","21":"tag-para-sempre","22":"tag-pedro-sousa","23":"tag-pedro-teixeira","24":"tag-portugal","25":"tag-pt","26":"tag-queridos-papas","27":"tag-tiago-teotonio-pereira","28":"tag-tv","29":"tag-tvi"},"share_on_mastodon":{"url":"","error":""},"_links":{"self":[{"href":"https:\/\/www.europesays.com\/pt\/wp-json\/wp\/v2\/posts\/114439","targetHints":{"allow":["GET"]}}],"collection":[{"href":"https:\/\/www.europesays.com\/pt\/wp-json\/wp\/v2\/posts"}],"about":[{"href":"https:\/\/www.europesays.com\/pt\/wp-json\/wp\/v2\/types\/post"}],"author":[{"embeddable":true,"href":"https:\/\/www.europesays.com\/pt\/wp-json\/wp\/v2\/users\/2"}],"replies":[{"embeddable":true,"href":"https:\/\/www.europesays.com\/pt\/wp-json\/wp\/v2\/comments?post=114439"}],"version-history":[{"count":0,"href":"https:\/\/www.europesays.com\/pt\/wp-json\/wp\/v2\/posts\/114439\/revisions"}],"wp:featuredmedia":[{"embeddable":true,"href":"https:\/\/www.europesays.com\/pt\/wp-json\/wp\/v2\/media\/114440"}],"wp:attachment":[{"href":"https:\/\/www.europesays.com\/pt\/wp-json\/wp\/v2\/media?parent=114439"}],"wp:term":[{"taxonomy":"category","embeddable":true,"href":"https:\/\/www.europesays.com\/pt\/wp-json\/wp\/v2\/categories?post=114439"},{"taxonomy":"post_tag","embeddable":true,"href":"https:\/\/www.europesays.com\/pt\/wp-json\/wp\/v2\/tags?post=114439"}],"curies":[{"name":"wp","href":"https:\/\/api.w.org\/{rel}","templated":true}]}}