{"id":11444,"date":"2025-08-01T11:37:21","date_gmt":"2025-08-01T11:37:21","guid":{"rendered":"https:\/\/www.europesays.com\/pt\/11444\/"},"modified":"2025-08-01T11:37:21","modified_gmt":"2025-08-01T11:37:21","slug":"moedas-lidera-corrida-mas-coligacao-de-esquerda-mantem-alexandra-leitao-na-disputa-autarquicas-2025","status":"publish","type":"post","link":"https:\/\/www.europesays.com\/pt\/11444\/","title":{"rendered":"Moedas lidera corrida, mas coliga\u00e7\u00e3o de esquerda mant\u00e9m Alexandra Leit\u00e3o na disputa | Aut\u00e1rquicas 2025"},"content":{"rendered":"<p>Quatro anos depois de ter conquistado a C\u00e2mara de Lisboa, ent\u00e3o liderada por Fernando Medina, Carlos Moedas lidera as sondagens para as <a href=\"https:\/\/www.publico.pt\/2025\/07\/03\/politica\/noticia\/governo-marca-eleicoes-autarquicas-12-outubro-2138832\" rel=\"nofollow noopener\" target=\"_blank\">elei\u00e7\u00f5es aut\u00e1rquicas de 12 de Outubro<\/a>, com 30% das inten\u00e7\u00f5es de voto, ligeiramente \u00e0 frente da candidatura encabe\u00e7ada por Alexandra Leit\u00e3o, que re\u00fane 28% \u2015 <a href=\"https:\/\/www.publico.pt\/2025\/07\/18\/politica\/noticia\/coligacao-esquerda-viver-lisboa-radicalismo-disfarcado-moderacao-carlos-moedas-2140842\" rel=\"nofollow noopener\" target=\"_blank\">numa coliga\u00e7\u00e3o \u00e0 esquerda<\/a> que junta tamb\u00e9m o Livre, o Bloco de Esquerda e o PAN (e da Moedas junta o CDS e a Iniciativa Liberal). Os n\u00fameros s\u00e3o da mais recente sondagem do Instituto de Ci\u00eancias Sociais da Universidade de Lisboa e do ISCTE para <a href=\"https:\/\/expresso.pt\/politica\/2025-07-31-carlos-moedas-a-frente-mas-coligacao-da-hipotese-a-alexandra-leitao-55e0882b\" rel=\"nofollow noopener\" target=\"_blank\">o jornal Expresso<\/a> e para a SIC.<\/p>\n<p>J\u00e1 o Chega surge como terceira for\u00e7a pol\u00edtica mais votada, com 11%, e a CDU \u2013 que recusou juntar-se \u00e0 restante esquerda e optou por <a href=\"https:\/\/www.publico.pt\/2025\/07\/30\/politica\/noticia\/nao-sentimos-sozinhos-cdu-primeira-formalizar-candidaturas-autarquias-lisboa-2142333\" rel=\"nofollow noopener\" target=\"_blank\">candidatura pr\u00f3pria,<\/a> liderada por Jo\u00e3o Ferreira \u2013 com 4%.<\/p>\n<p>J\u00e1 com os indecisos redistribu\u00eddos \u2014 12% nesta fase \u2014, Carlos Moedas surge com uma vantagem de cinco pontos percentuais sobre Alexandra Leit\u00e3o: 41% contra 36%. Seguem-se o Chega, com 14%, e a CDU, com 5%.<\/p>\n<p>Apesar da vantagem aparente do actual presidente da C\u00e2mara, a margem de erro do estudo (cerca de 3,5 pontos percentuais) deixa o resultado em aberto. \u201cAs diferen\u00e7as entre os dois valores n\u00e3o atingem signific\u00e2ncia estat\u00edstica\u201d, sublinha o relat\u00f3rio citado pelo Expresso, apontando para a possibilidade de Moedas descer at\u00e9 aos 37,5% e de Leit\u00e3o subir at\u00e9 39,5%, dentro dos limites do intervalo de confian\u00e7a.<\/p>\n<p>        &#13;<\/p>\n<p>&#13;<br \/>\n                &#13;\n            <\/p>\n<p>&#13;<\/p>\n<p>O trabalho de campo do estudo realizado pelo ICS-ULisboa e pelo ISCTE decorreu entre 14 e 27 de Julho, com 800 entrevistas presenciais e recurso a simula\u00e7\u00e3o de voto em urna \u2015 um m\u00e9todo considerado mais fi\u00e1vel em contextos locais. Como a coliga\u00e7\u00e3o entre PS, Livre, Bloco de Esquerda e PAN <a href=\"https:\/\/www.publico.pt\/2025\/07\/17\/politica\/noticia\/esquerda-fecha-acordo-lisboa-ps-be-livre-pan-avancam-coligacao-2140567\" rel=\"nofollow noopener\" target=\"_blank\">s\u00f3 viria a ser formalizada a 17 de Julho<\/a>, a sondagem avaliou dois cen\u00e1rios: a candidatura conjunta da esquerda (sem a CDU) e a possibilidade de cada partido concorrer isoladamente.<\/p>\n<p>Esse exerc\u00edcio permitiu perceber que, sem coliga\u00e7\u00e3o, o PS obteria apenas 22% das inten\u00e7\u00f5es de voto, ficando a oito pontos de dist\u00e2ncia de Carlos Moedas, que manteria os 30%. O Livre e a CDU surgiriam ambos com 4%, enquanto o Bloco de Esquerda, j\u00e1 com a candidatura de Carolina Serr\u00e3o anunciada, teria apenas 2%, tal como o PAN.<\/p>\n<p>Ou seja, o estudo evidencia que sem a coliga\u00e7\u00e3o de esquerda que juntou PS, Bloco, PAN e Livre, Alexandra Leit\u00e3o dificilmente estaria em posi\u00e7\u00e3o competitiva.<\/p>\n<p>Aus\u00eancia da CDU fragiliza<\/p>\n<p>Contas feitas, se a CDU se juntasse \u00e0 coliga\u00e7\u00e3o (e assumindo que o somat\u00f3rio das partes n\u00e3o implica exclus\u00f5es de eleitorados), a reelei\u00e7\u00e3o de Carlos Moedas estaria mais amea\u00e7ada. Com os 4% da CDU, a candidatura de Leit\u00e3o poderia atingir 32% das inten\u00e7\u00f5es de voto directas, ultrapassando a coliga\u00e7\u00e3o de direita, que se mant\u00e9m nos 30%.<\/p>\n<p>O efeito seria ainda mais expressivo na redistribui\u00e7\u00e3o dos indecisos: se os votos comunistas se somassem aos da frente de esquerda, o resultado projectado colocaria Moedas e Leit\u00e3o em empate t\u00e9cnico, com 41% cada.<\/p>\n<p>A mesma sondagem conclui que os inquiridos consideram que a cidade est\u00e1 \u201cpior\u201d, mas Moedas tem avalia\u00ad\u00e7\u00e3o positiva e destaca-se da advers\u00e1ria em todos os par\u00e2metros. H\u00e1 dois meses e uma campanha pela frente.<\/p>\n","protected":false},"excerpt":{"rendered":"Quatro anos depois de ter conquistado a C\u00e2mara de Lisboa, ent\u00e3o liderada por Fernando Medina, Carlos Moedas lidera&hellip;\n","protected":false},"author":2,"featured_media":11445,"comment_status":"","ping_status":"","sticky":false,"template":"","format":"standard","meta":{"footnotes":""},"categories":[10],"tags":[451,2431,454,27,28,3766,4861,15,16,14,25,26,21,22,12,13,19,20,52,32,23,24,455,33,4862,17,18,29,30,31],"class_list":{"0":"post-11444","1":"post","2":"type-post","3":"status-publish","4":"format-standard","5":"has-post-thumbnail","7":"category-portugal","8":"tag-alexandra-leitao","9":"tag-autarquicas-2025","10":"tag-bloco-de-esquerda","11":"tag-breaking-news","12":"tag-breakingnews","13":"tag-carlos-moedas","14":"tag-cdu","15":"tag-featured-news","16":"tag-featurednews","17":"tag-headlines","18":"tag-latest-news","19":"tag-latestnews","20":"tag-main-news","21":"tag-mainnews","22":"tag-news","23":"tag-noticias","24":"tag-noticias-principais","25":"tag-noticiasprincipais","26":"tag-politica","27":"tag-portugal","28":"tag-principais-noticias","29":"tag-principaisnoticias","30":"tag-ps","31":"tag-pt","32":"tag-sondagem","33":"tag-top-stories","34":"tag-topstories","35":"tag-ultimas","36":"tag-ultimas-noticias","37":"tag-ultimasnoticias"},"share_on_mastodon":{"url":"","error":""},"_links":{"self":[{"href":"https:\/\/www.europesays.com\/pt\/wp-json\/wp\/v2\/posts\/11444","targetHints":{"allow":["GET"]}}],"collection":[{"href":"https:\/\/www.europesays.com\/pt\/wp-json\/wp\/v2\/posts"}],"about":[{"href":"https:\/\/www.europesays.com\/pt\/wp-json\/wp\/v2\/types\/post"}],"author":[{"embeddable":true,"href":"https:\/\/www.europesays.com\/pt\/wp-json\/wp\/v2\/users\/2"}],"replies":[{"embeddable":true,"href":"https:\/\/www.europesays.com\/pt\/wp-json\/wp\/v2\/comments?post=11444"}],"version-history":[{"count":0,"href":"https:\/\/www.europesays.com\/pt\/wp-json\/wp\/v2\/posts\/11444\/revisions"}],"wp:featuredmedia":[{"embeddable":true,"href":"https:\/\/www.europesays.com\/pt\/wp-json\/wp\/v2\/media\/11445"}],"wp:attachment":[{"href":"https:\/\/www.europesays.com\/pt\/wp-json\/wp\/v2\/media?parent=11444"}],"wp:term":[{"taxonomy":"category","embeddable":true,"href":"https:\/\/www.europesays.com\/pt\/wp-json\/wp\/v2\/categories?post=11444"},{"taxonomy":"post_tag","embeddable":true,"href":"https:\/\/www.europesays.com\/pt\/wp-json\/wp\/v2\/tags?post=11444"}],"curies":[{"name":"wp","href":"https:\/\/api.w.org\/{rel}","templated":true}]}}