{"id":114452,"date":"2025-10-17T10:02:25","date_gmt":"2025-10-17T10:02:25","guid":{"rendered":"https:\/\/www.europesays.com\/pt\/114452\/"},"modified":"2025-10-17T10:02:25","modified_gmt":"2025-10-17T10:02:25","slug":"ironman-2025-em-cascais-oeiras-e-lisboa-provoca-cortes-de-transito-e-restricoes-de-estacionamento","status":"publish","type":"post","link":"https:\/\/www.europesays.com\/pt\/114452\/","title":{"rendered":"IRONMAN 2025 em Cascais, Oeiras e Lisboa provoca cortes de tr\u00e2nsito e restri\u00e7\u00f5es de estacionamento"},"content":{"rendered":"<p id=\"s-p-embed-68\" data-start=\"2076\" data-end=\"2275\">Acompanhe toda a atualidade informativa em\u00a0<a href=\"http:\/\/24noticias.sapo.pt\/\" rel=\"nofollow noopener\" target=\"_blank\">24noticias.sapo.pt<\/a><\/p>\n<p>Em <strong id=\"s-strong-embed-68\" data-start=\"2093\" data-end=\"2146\">Cascais<\/strong>, diversas art\u00e9rias e zonas de acesso estar\u00e3o cortadas em diferentes hor\u00e1rios. Entre os cortes previstos destacam-se:<\/p>\n<p><strong>16 outubro \u2013 das 02h00 \u00e0s 24h00 \u2013 Ba\u00eda de Cascais e Marina de Cascais:<\/strong><\/p>\n<ul>\n<li>\u00a0Passeio D. Lu\u00eds I;<\/li>\n<li>Av. D. Carlos I;<\/li>\n<li>Alameda Combatentes da Grande Guerra (at\u00e9 ao Jardim Visconde da Luz); e<\/li>\n<li>Av. Rei Humberto II de It\u00e1lia (entre o Centro Cultural de Cascais e a Marina).<\/li>\n<\/ul>\n<p><strong>\u00b7 17 outubro \u2013 das 00h00 \u00e0s 24h00 \u2013 Ba\u00eda de Cascais e Marina de Cascais:<\/strong><\/p>\n<ul>\n<li>Passeio D. Lu\u00eds I;<\/li>\n<li>Av. D. Carlos I;<\/li>\n<li>Alameda Combatentes da Grande Guerra (at\u00e9 ao Jardim Visconde da Luz);<\/li>\n<li>Av. Rei Humberto II de It\u00e1lia (entre o Centro Cultural de Cascais e a Marina).<\/li>\n<\/ul>\n<p><strong>\u00b7 18 outubro:<\/strong><\/p>\n<p><strong>Das 00h00 \u00e0s 24h00 \u2013 Ba\u00eda de Cascais e Marina de Cascais:<\/strong><\/p>\n<ul>\n<li>Passeio D. Lu\u00eds I;<\/li>\n<li>Av. D. Carlos I;<\/li>\n<li>Alameda Combatentes da Grande Guerra (at\u00e9 ao Jardim Visconde da Luz); e<\/li>\n<li>Av. Rei Humberto II de It\u00e1lia.<\/li>\n<\/ul>\n<p><strong>Das 09h00 \u00e0s 20h00 \u2013 Ba\u00eda de Cascais e Marina de Cascais:<\/strong><\/p>\n<p><strong>Das 00h00 \u00e0s 24h00 \u2013 Cascais \/ Guincho:<\/strong><\/p>\n<ul>\n<li>Avenida da Rep\u00fablica (entre o Centro Cultural de Cascais e o Hip\u00f3dromo);<\/li>\n<\/ul>\n<p><strong>Das 07h00 \u00e0s 02h00 \u2013 Cascais \/ Guincho:<\/strong><\/p>\n<ul>\n<li>Av. Rei Humberto II de It\u00e1lia;<\/li>\n<li>Avenida da Rep\u00fablica;<\/li>\n<li>Estrada do Guincho at\u00e9 ao Cabo Raso.<\/li>\n<\/ul>\n<p><strong>09h30 \u00e0s 16h00 \u2013 Torre \/ Areia:<\/strong><\/p>\n<ul>\n<li>Rua da Torre;<\/li>\n<li>Rua dos Vidoeiros;<\/li>\n<li>Rua dos Pinheiros;<\/li>\n<li>Rua das Faias;<\/li>\n<li>Rua das Narcejas;<\/li>\n<li>Rua das Codornizes;<\/li>\n<li>Rua Ivone Silva;<\/li>\n<li>Rua da Areia.<\/li>\n<\/ul>\n<p><strong>07h00 \u00e0s 16h30 \u2013 Malveira da Serra:<\/strong><\/p>\n<ul>\n<li>\u00a0N 247;<\/li>\n<li>N247-5;<\/li>\n<li>Av. Nossa Senhora da Assun\u00e7\u00e3o;<\/li>\n<li>Estrada de Vale Cavalos;<\/li>\n<li>N9-1 (Estrada da Serra).<\/li>\n<\/ul>\n<p><strong>07h00 \u00e0s 17h00 \u2013 Circuito Estoril:<\/strong><\/p>\n<ul>\n<li>N9;<\/li>\n<li>Av. Alfredo C\u00e9sar Torres;<\/li>\n<li>Rua Terceira Idade;<\/li>\n<li>Circuito Estoril.<\/li>\n<\/ul>\n<p><strong>7h30 \u00e0s 17h30 \u2013 Alcabideche:<\/strong><\/p>\n<ul>\n<li>Rua Cesaltina Fialho Gouveia;<\/li>\n<li>Rua Cascais;<\/li>\n<li>Av. Alcabideche;<\/li>\n<li>Avenida da Rep\u00fablica.<\/li>\n<\/ul>\n<p><strong>07h30 \u00e0s 17h30 \u2013 Estoril:<\/strong><\/p>\n<ul>\n<li>Av. D. Nuno \u00c1lvares Pereira (entre a Rotunda Condes de Barcelona e a Av. de Portugal);<\/li>\n<li>Av. de Portugal;<\/li>\n<li>Rua Biarritz.<\/li>\n<\/ul>\n<p><strong>8h00 \u00e0s 19h30 \u2013 Avenida Marginal<\/strong><\/p>\n<ul>\n<li>8h00 \u00e0s 18h00 \u2013 Carcavelos:<\/li>\n<li>N6\/7;<\/li>\n<li>Av. Conde Riba d&#8217;Ave.<\/li>\n<\/ul>\n<p><strong>19 outubro \u2013 das 00h00 \u00e0s 18h00 \u2013 Ba\u00eda de Cascais e Marina:<\/strong><\/p>\n<ul>\n<li>Passeio D. Lu\u00eds I;<\/li>\n<li>Av. D. Carlos I;<\/li>\n<li>Alameda Combatentes da Grande Guerra;<\/li>\n<li>Av. Rei Humberto II de It\u00e1lia (entre rotunda Jo\u00e3o Paulo II e entrada na Marina de Cascais).<\/li>\n<li><strong>Condicionamentos no estacionamento:<\/strong><br \/>O parque de estacionamento Marechal Carmona estar\u00e1 inacess\u00edvel, pelo que entre as 00h do dia 14 de outubro e as 00h do dia 20 de outubro, o estacionamento ser\u00e1 realizado no parque do Hip\u00f3dromo. No dia da prova, o parque de estacionamento do Hip\u00f3dromo estar\u00e1 igualmente inacess\u00edvel. Em todas as art\u00e9rias referidas e zonas circundantes, ser\u00e3o acauteladas as alternativas destinadas \u00e0 sa\u00edda\/acesso de residentes.<\/li>\n<\/ul>\n<p>No <strong>concelho de Oeiras<\/strong>, no dia 18 est\u00e3o cortadas:<\/p>\n<ul>\n<li>Estrada Nacional 6 (Avenida Marginal \u2013 Alg\u00e9s \u2013 limite com o concelho de Lisboa e o limite com o concelho de Cascais);<\/li>\n<li>Estrada Nacional 6-3 (Alto da Boa Viagem);<\/li>\n<li>Av. Ivens, Cruz Quebrada \u2013 Dafundo;<\/li>\n<li>Alameda Alto da Barra, Oeiras;<\/li>\n<li>Estrada da Medrosa, Oeiras;<\/li>\n<li>Sa\u00edda do IC 17 (CRIL) para a Av. Marginal;<\/li>\n<li>Parques de estacionamento existentes ao longo do trajeto, cujo acesso se efetua apenas pela Estrada Nacional 6.<\/li>\n<\/ul>\n<p>\u00a0Em <strong>Lisboa<\/strong>, a <strong>Avenida da \u00cdndia at\u00e9 ao Largo de Santos<\/strong> ficar\u00e1 fechada ao tr\u00e2nsito no mesmo dia.<\/p>\n<p>A PSP recomenda:<\/p>\n<ul id=\"s-ul-embed-68\" data-start=\"1760\" data-end=\"2074\">\n<li id=\"s-li-embed-68\" data-start=\"1966\" data-end=\"2074\">\n<p><strong>Utilizar transportes p\u00fablicos<\/strong> sempre que poss\u00edvel;<\/p>\n<\/li>\n<li>\n<p><strong>Estacionar com seguran\u00e7a<\/strong>, evitando objetos de valor vis\u00edveis;<\/p>\n<\/li>\n<li>\n<p><strong>Cumprir as instru\u00e7\u00f5es da pol\u00edcia<\/strong> para garantir a seguran\u00e7a de todos;<\/p>\n<\/li>\n<li>\n<p>Em caso de emerg\u00eancia, ligar <strong>112<\/strong> ou para o Comando Metropolitano de Lisboa da PSP: <strong>21 765 42 42<\/strong>.<\/p>\n<\/li>\n<\/ul>\n<p>O evento promete <strong>afetar significativamente a circula\u00e7\u00e3o rodovi\u00e1ria<\/strong>, mas as medidas visam garantir a seguran\u00e7a de participantes, residentes e visitantes durante a prova internacional de triatlo.<\/p>\n<p>__<\/p>\n<p><b>A sua newsletter de sempre, agora ainda mais \u00fatil<\/b><\/p>\n<p>Com o lan\u00e7amento da nova marca de informa\u00e7\u00e3o\u00a0<b>24not\u00edcias<\/b>, estamos a mudar a plataforma de newsletters, aproveitando para refor\u00e7ar a informa\u00e7\u00e3o que os leitores mais valorizam:\u00a0<b>a que lhes \u00e9 \u00fatil, ajuda a tomar decis\u00f5es e a entender o mundo.<\/b><\/p>\n<p><b>Assine a nova newsletter do 24not\u00edcias\u00a0<\/b><a href=\"https:\/\/sapo.us1.list-manage.com\/subscribe?u=8f49263740b14ab5854be8045&amp;id=57a39c5e8f\" rel=\"nofollow noopener\" target=\"_blank\"><b>aqui<\/b><\/a><b>.<\/b><\/p>\n","protected":false},"excerpt":{"rendered":"Acompanhe toda a atualidade informativa em\u00a024noticias.sapo.pt Em Cascais, diversas art\u00e9rias e zonas de acesso estar\u00e3o cortadas em diferentes&hellip;\n","protected":false},"author":2,"featured_media":114453,"comment_status":"","ping_status":"","sticky":false,"template":"","format":"standard","meta":{"footnotes":""},"categories":[10],"tags":[27,28,15,16,14,25,26,21,22,12,13,19,20,32,23,24,33,17,18,29,30,31],"class_list":{"0":"post-114452","1":"post","2":"type-post","3":"status-publish","4":"format-standard","5":"has-post-thumbnail","7":"category-portugal","8":"tag-breaking-news","9":"tag-breakingnews","10":"tag-featured-news","11":"tag-featurednews","12":"tag-headlines","13":"tag-latest-news","14":"tag-latestnews","15":"tag-main-news","16":"tag-mainnews","17":"tag-news","18":"tag-noticias","19":"tag-noticias-principais","20":"tag-noticiasprincipais","21":"tag-portugal","22":"tag-principais-noticias","23":"tag-principaisnoticias","24":"tag-pt","25":"tag-top-stories","26":"tag-topstories","27":"tag-ultimas","28":"tag-ultimas-noticias","29":"tag-ultimasnoticias"},"share_on_mastodon":{"url":"","error":""},"_links":{"self":[{"href":"https:\/\/www.europesays.com\/pt\/wp-json\/wp\/v2\/posts\/114452","targetHints":{"allow":["GET"]}}],"collection":[{"href":"https:\/\/www.europesays.com\/pt\/wp-json\/wp\/v2\/posts"}],"about":[{"href":"https:\/\/www.europesays.com\/pt\/wp-json\/wp\/v2\/types\/post"}],"author":[{"embeddable":true,"href":"https:\/\/www.europesays.com\/pt\/wp-json\/wp\/v2\/users\/2"}],"replies":[{"embeddable":true,"href":"https:\/\/www.europesays.com\/pt\/wp-json\/wp\/v2\/comments?post=114452"}],"version-history":[{"count":0,"href":"https:\/\/www.europesays.com\/pt\/wp-json\/wp\/v2\/posts\/114452\/revisions"}],"wp:featuredmedia":[{"embeddable":true,"href":"https:\/\/www.europesays.com\/pt\/wp-json\/wp\/v2\/media\/114453"}],"wp:attachment":[{"href":"https:\/\/www.europesays.com\/pt\/wp-json\/wp\/v2\/media?parent=114452"}],"wp:term":[{"taxonomy":"category","embeddable":true,"href":"https:\/\/www.europesays.com\/pt\/wp-json\/wp\/v2\/categories?post=114452"},{"taxonomy":"post_tag","embeddable":true,"href":"https:\/\/www.europesays.com\/pt\/wp-json\/wp\/v2\/tags?post=114452"}],"curies":[{"name":"wp","href":"https:\/\/api.w.org\/{rel}","templated":true}]}}