{"id":114454,"date":"2025-10-17T10:03:36","date_gmt":"2025-10-17T10:03:36","guid":{"rendered":"https:\/\/www.europesays.com\/pt\/114454\/"},"modified":"2025-10-17T10:03:36","modified_gmt":"2025-10-17T10:03:36","slug":"sl-benfica-x-arsenal-maisfutebol-2","status":"publish","type":"post","link":"https:\/\/www.europesays.com\/pt\/114454\/","title":{"rendered":"SL Benfica X Arsenal &#8211; Maisfutebol"},"content":{"rendered":"<ol>\n<li><a href=\"https:\/\/news.google.com\/rss\/articles\/CBMiakFVX3lxTFBGb0lOcWtDNnQ4bmRkSFdfclQxOXBJWFhiWTBrMXE5a0VDVUJBOUtUd29rb21rb2stNjFZZ2IwVm1nVnlmaEoxYW4xYUxEeXVMc0JjQ3NyTktvSEdEMDBKdlNSc2FRWnd0MVE?oc=5\" target=\"_blank\" rel=\"nofollow noopener\">SL Benfica X Arsenal<\/a>&nbsp;&nbsp;Maisfutebol<\/li>\n<li><a href=\"https:\/\/news.google.com\/rss\/articles\/CBMikwFBVV95cUxQQXdrZFJjSTBjUGpiRkc3NTBick1NUXBIY3FSXzZ6aFZhX2FyRzhuckNfV3E1aFowWmdEYkJQMWI4Vko1M0VweFZ0MDgwelpNUU40SURYSDNscDNLRGd4U2tBVDE0OS1mYVMtNFlNVXp1aFl6TUJ3NWcxdGVxRWNfUHZ3RllTVXRlcnJ6VktPcmo5ems?oc=5\" target=\"_blank\" rel=\"nofollow noopener\">Benfica x Arsenal Feminino Palpites \u2013 Saiba Onde Assistir, Hor\u00e1rio e Escala\u00e7\u00f5es 16\/10<\/a>&nbsp;&nbsp;Gazeta Esportiva<\/li>\n<li><a href=\"https:\/\/news.google.com\/rss\/articles\/CBMiowFBVV95cUxOSjlwdEVHcDVrNHZOMk9iQ3BaMFBISzFaLUowaG1Gd2RNVThFcHBNMU5POXV0RUpfUWtIWWdFN01yVTFXZ09FQldEeS0ydmVONHNYWlFVZWM5SHRNSnlmR3FNbWczWWZnMDdPeF9JS2pycnJNblBFUXU4bUNWSVZ0YXBQVW1abUl2X2FPSjFsOXRHS2FEc2xnSWpsNk9rd2UwZHRV?oc=5\" target=\"_blank\" rel=\"nofollow noopener\">Liga dos Campe\u00f5es feminina. Benfica continua sem pontuar<\/a>&nbsp;&nbsp;RTP<\/li>\n<li><a href=\"https:\/\/news.google.com\/rss\/articles\/CBMiuAFBVV95cUxPaHlYVDROamJkNVBUYzJyVnZqQ0xhUEEwZHpYUnVlYTFIdkdBYWZpYTlXdDJYSjhxWFhFcUU3NnNrOUxRcXZ1T0gyQ0NYcGI5cEt5QktnOXFlWGdxMDVlVEpnSXF1ZXZLNjFkNkpXR1ZycW1nU0xOYnRpeHRNZC04amZPcDhLdy10TV9HbFdQYmJTNnBvb1JYQUFaRWVXNS1wM0NQMkR1LXFoek03UzFJMTh5V19RamNF?oc=5\" target=\"_blank\" rel=\"nofollow noopener\">Champions feminina: Benfica perde frente ao Arsenal e continua sem pontuar<\/a>&nbsp;&nbsp;Plataforma Media<\/li>\n<li><a href=\"https:\/\/news.google.com\/rss\/articles\/CBMijwFBVV95cUxQV0xVSml4QTFqaXlQVGNoZzNBUTYyZjJvVW96bUIxZU5vS3EyQnA1V2Vna3k3bHhwS3d1YmNzeWJRRHV3T3ZPMkZteFdLaW8xUGlNRWVoNVNXWENsVmhZUmJwQ1NyV1B5VDg3T05OZHlyay1zajNtTGsxLW8zX0dGWFdyRVhEOEhCMkZEU25UONIBlAFBVV95cUxOWEpabXBSeGhrNVFWOEk2MTB4VEEtS3Y4LV9xdXYzSmFDTFpGbEhIck9xd3dqX1NIMUJWSmpqcG5RX1VQNjB2N0FQLUduUkhoM1ZaU0tDWDZBbXFWQnh3TWNGYlRfT3BpdWtJSnNzc0tXaHRUOWFyVWVCaHVGY3lra3gya0lhRjhGVDlhTlBjQmRQNk5h?oc=5\" target=\"_blank\" rel=\"nofollow noopener\">Hoje vai ser not\u00edcia<\/a>&nbsp;&nbsp;Maisfutebol<\/li>\n<\/ol>\n","protected":false},"excerpt":{"rendered":"SL Benfica X Arsenal&nbsp;&nbsp;Maisfutebol Benfica x Arsenal Feminino Palpites \u2013 Saiba Onde Assistir, Hor\u00e1rio e Escala\u00e7\u00f5es 16\/10&nbsp;&nbsp;Gazeta Esportiva&hellip;\n","protected":false},"author":2,"featured_media":23772,"comment_status":"","ping_status":"","sticky":false,"template":"","format":"standard","meta":{"footnotes":""},"categories":[8],"tags":[707,27,28,15,16,14,25,26,21,22,12,13,19,20,32,23,24,33,47,3099,17,18,29,30,31],"class_list":{"0":"post-114454","1":"post","2":"type-post","3":"status-publish","4":"format-standard","5":"has-post-thumbnail","7":"category-principais-noticias","8":"tag-arsenal","9":"tag-breaking-news","10":"tag-breakingnews","11":"tag-featured-news","12":"tag-featurednews","13":"tag-headlines","14":"tag-latest-news","15":"tag-latestnews","16":"tag-main-news","17":"tag-mainnews","18":"tag-news","19":"tag-noticias","20":"tag-noticias-principais","21":"tag-noticiasprincipais","22":"tag-portugal","23":"tag-principais-noticias","24":"tag-principaisnoticias","25":"tag-pt","26":"tag-pura-paixao","27":"tag-sl-benfica","28":"tag-top-stories","29":"tag-topstories","30":"tag-ultimas","31":"tag-ultimas-noticias","32":"tag-ultimasnoticias"},"share_on_mastodon":{"url":"","error":""},"_links":{"self":[{"href":"https:\/\/www.europesays.com\/pt\/wp-json\/wp\/v2\/posts\/114454","targetHints":{"allow":["GET"]}}],"collection":[{"href":"https:\/\/www.europesays.com\/pt\/wp-json\/wp\/v2\/posts"}],"about":[{"href":"https:\/\/www.europesays.com\/pt\/wp-json\/wp\/v2\/types\/post"}],"author":[{"embeddable":true,"href":"https:\/\/www.europesays.com\/pt\/wp-json\/wp\/v2\/users\/2"}],"replies":[{"embeddable":true,"href":"https:\/\/www.europesays.com\/pt\/wp-json\/wp\/v2\/comments?post=114454"}],"version-history":[{"count":0,"href":"https:\/\/www.europesays.com\/pt\/wp-json\/wp\/v2\/posts\/114454\/revisions"}],"wp:featuredmedia":[{"embeddable":true,"href":"https:\/\/www.europesays.com\/pt\/wp-json\/wp\/v2\/media\/23772"}],"wp:attachment":[{"href":"https:\/\/www.europesays.com\/pt\/wp-json\/wp\/v2\/media?parent=114454"}],"wp:term":[{"taxonomy":"category","embeddable":true,"href":"https:\/\/www.europesays.com\/pt\/wp-json\/wp\/v2\/categories?post=114454"},{"taxonomy":"post_tag","embeddable":true,"href":"https:\/\/www.europesays.com\/pt\/wp-json\/wp\/v2\/tags?post=114454"}],"curies":[{"name":"wp","href":"https:\/\/api.w.org\/{rel}","templated":true}]}}