{"id":114457,"date":"2025-10-17T10:05:08","date_gmt":"2025-10-17T10:05:08","guid":{"rendered":"https:\/\/www.europesays.com\/pt\/114457\/"},"modified":"2025-10-17T10:05:08","modified_gmt":"2025-10-17T10:05:08","slug":"pintura-de-picasso-desaparece-a-caminho-de-exposicao-em-granada","status":"publish","type":"post","link":"https:\/\/www.europesays.com\/pt\/114457\/","title":{"rendered":"Pintura de Picasso desaparece a caminho de exposi\u00e7\u00e3o em Granada"},"content":{"rendered":"<p><b>Acompanhe toda a atualidade informativa em\u00a0<\/b><a href=\"http:\/\/24noticias.sapo.pt\/\" rel=\"nofollow noopener\" target=\"_blank\"><b>24noticias.sapo.pt<\/b><\/a><\/p>\n<p>A pol\u00edcia espanhola est\u00e1 a investigar o desaparecimento de uma pequena pintura de Pablo Picasso, avaliada em 600 mil euros, que desapareceu enquanto era transportada de Madrid para uma exposi\u00e7\u00e3o na cidade de Granada, conta o <a href=\"https:\/\/www.theguardian.com\/artanddesign\/2025\/oct\/16\/spanish-police-investigate-as-picasso-painting-vanishes-on-way-to-exhibition\" target=\"_blank\" rel=\"noreferrer noopener nofollow\">The Guardian<\/a>. A obra, intitulada Naturaleza muerta con guitarra, deveria integrar a nova exposi\u00e7\u00e3o da Funda\u00e7\u00e3o CajaGranada, inaugurada na semana passada.<\/p>\n<p>O quadro, pintado em 1919, mede apenas 12,7 cm por 9,8 cm, e nunca chegou \u00e0 sala de exposi\u00e7\u00e3o Still Life: the Eternity of the Inert. Pertence a um colecionador privado da capital espanhola e tinha sido enviado como parte de um conjunto de obras emprestadas, transportadas por uma carrinha desde Madrid na sexta-feira, 3 de outubro.<\/p>\n<p>Segundo a Funda\u00e7\u00e3o CajaGranada, quando a carrinha chegou \u00e0s 10h desse dia, o seu conte\u00fado foi descarregado e verificado. Apesar de alguns trabalhos estarem embalados de forma cuidadosa mas n\u00e3o estarem numerados corretamente \u2014 o que impediu uma \u201cverifica\u00e7\u00e3o exaustiva\u201d \u2014, a entrega foi assinada e a carrinha, juntamente com os seus ocupantes, seguiu viagem.<\/p>\n<p>Na segunda-feira seguinte, as pe\u00e7as, que estiveram sob vigil\u00e2ncia de v\u00eddeo durante todo o fim de semana, foram desempacotadas. \u201cDepois de conclu\u00eddo o desempacotamento, pelo pr\u00f3prio pessoal da Funda\u00e7\u00e3o CajaGranada, as obras foram colocadas em diferentes zonas da sala de exposi\u00e7\u00e3o\u201d, afirmou a funda\u00e7\u00e3o num comunicado. \u201cA meio da manh\u00e3, o curador da exposi\u00e7\u00e3o e o respons\u00e1vel pelas exposi\u00e7\u00f5es da funda\u00e7\u00e3o notaram que uma obra estava em falta. Tratava-se de um pequeno guache de Pablo Picasso\u201d.<\/p>\n<p>A funda\u00e7\u00e3o informou ainda que comunicou imediatamente o desaparecimento \u00e0 Pol\u00edcia Nacional e se colocou \u00e0 disposi\u00e7\u00e3o das autoridades para colaborar na investiga\u00e7\u00e3o, mostrando confian\u00e7a de que o caso ser\u00e1 resolvido.<\/p>\n<p>Alguns meios de comunica\u00e7\u00e3o espanh\u00f3is indicaram que a carrinha poder\u00e1 ter feito uma paragem nocturna nas proximidades de Granada, e que as duas pessoas a bordo ter\u00e3o revezado a vigil\u00e2ncia da carga.<\/p>\n<p>__<br \/><b id=\"s-b-embed-68\" data-stringify-type=\"bold\">A sua newsletter de sempre, agora ainda mais \u00fatil<\/b><\/p>\n<p>Com o lan\u00e7amento da nova marca de informa\u00e7\u00e3o\u00a0<b>24not\u00edcias<\/b>, estamos a mudar a plataforma de newsletters, aproveitando para refor\u00e7ar a informa\u00e7\u00e3o que os leitores mais valorizam:\u00a0<b>a que lhes \u00e9 \u00fatil, ajuda a tomar decis\u00f5es e a entender o mundo.<\/b><\/p>\n<p><b>Assine a nova newsletter do 24not\u00edcias\u00a0<\/b><b><a href=\"https:\/\/sapo.us1.list-manage.com\/subscribe?u=8f49263740b14ab5854be8045&amp;id=57a39c5e8f\" target=\"_blank\" id=\"s-a-embed-68\" rel=\"noreferrer noopener nofollow\" data-stringify-link=\"https:\/\/sapo.us1.list-manage.com\/subscribe?u=8f49263740b14ab5854be8045&amp;id=57a39c5e8f\" data-sk=\"tooltip_parent\">aqui<\/a><\/b><b>.<\/b><\/p>\n","protected":false},"excerpt":{"rendered":"Acompanhe toda a atualidade informativa em\u00a024noticias.sapo.pt A pol\u00edcia espanhola est\u00e1 a investigar o desaparecimento de uma pequena pintura&hellip;\n","protected":false},"author":2,"featured_media":114458,"comment_status":"","ping_status":"","sticky":false,"template":"","format":"standard","meta":{"footnotes":""},"categories":[144],"tags":[207,205,206,203,201,202,204,114,115,32,33],"class_list":{"0":"post-114457","1":"post","2":"type-post","3":"status-publish","4":"format-standard","5":"has-post-thumbnail","7":"category-arte-e-design","8":"tag-arte","9":"tag-arte-e-design","10":"tag-artedesign","11":"tag-arts","12":"tag-arts-and-design","13":"tag-artsanddesign","14":"tag-design","15":"tag-entertainment","16":"tag-entretenimento","17":"tag-portugal","18":"tag-pt"},"share_on_mastodon":{"url":"","error":""},"_links":{"self":[{"href":"https:\/\/www.europesays.com\/pt\/wp-json\/wp\/v2\/posts\/114457","targetHints":{"allow":["GET"]}}],"collection":[{"href":"https:\/\/www.europesays.com\/pt\/wp-json\/wp\/v2\/posts"}],"about":[{"href":"https:\/\/www.europesays.com\/pt\/wp-json\/wp\/v2\/types\/post"}],"author":[{"embeddable":true,"href":"https:\/\/www.europesays.com\/pt\/wp-json\/wp\/v2\/users\/2"}],"replies":[{"embeddable":true,"href":"https:\/\/www.europesays.com\/pt\/wp-json\/wp\/v2\/comments?post=114457"}],"version-history":[{"count":0,"href":"https:\/\/www.europesays.com\/pt\/wp-json\/wp\/v2\/posts\/114457\/revisions"}],"wp:featuredmedia":[{"embeddable":true,"href":"https:\/\/www.europesays.com\/pt\/wp-json\/wp\/v2\/media\/114458"}],"wp:attachment":[{"href":"https:\/\/www.europesays.com\/pt\/wp-json\/wp\/v2\/media?parent=114457"}],"wp:term":[{"taxonomy":"category","embeddable":true,"href":"https:\/\/www.europesays.com\/pt\/wp-json\/wp\/v2\/categories?post=114457"},{"taxonomy":"post_tag","embeddable":true,"href":"https:\/\/www.europesays.com\/pt\/wp-json\/wp\/v2\/tags?post=114457"}],"curies":[{"name":"wp","href":"https:\/\/api.w.org\/{rel}","templated":true}]}}