{"id":114459,"date":"2025-10-17T10:06:29","date_gmt":"2025-10-17T10:06:29","guid":{"rendered":"https:\/\/www.europesays.com\/pt\/114459\/"},"modified":"2025-10-17T10:06:29","modified_gmt":"2025-10-17T10:06:29","slug":"projeto-viva-o-livro-incentiva-leitura-em-escolas-de-montenegro","status":"publish","type":"post","link":"https:\/\/www.europesays.com\/pt\/114459\/","title":{"rendered":"Projeto Viva o Livro incentiva leitura em escolas de Montenegro"},"content":{"rendered":"<p data-start=\"71\" data-end=\"514\">O gin\u00e1sio da Escola Cinco de Maio, em Montenegro, recebe nesta quarta\u00a0e quinta-feira, 15 e 16 de outubro,\u00a0o projeto Viva o Livro, iniciativa que combina educa\u00e7\u00e3o, criatividade e cultura para incentivar o h\u00e1bito da leitura entre crian\u00e7as. O projeto \u00e9 uma realiza\u00e7\u00e3o da Secretaria Municipal de Educa\u00e7\u00e3o e da empresa Evoluir Educa\u00e7\u00e3o, com patroc\u00ednio da John Deere, e integra a Lei de Incentivo \u00e0 Cultura (Lei Rouanet).<\/p>\n<p data-start=\"569\" data-end=\"974\">Durante o evento, alunos participaram de jogos, oficinas e atividades interativas com o uso do aplicativo Story Jam, ferramenta que permite criar livros a partir de imagens e temas como aventura e fic\u00e7\u00e3o cient\u00edfica. As hist\u00f3rias elaboradas pelas crian\u00e7as foram impressas e entregues para que pudessem ilustr\u00e1-las livremente, estimulando a imagina\u00e7\u00e3o e o v\u00ednculo com o universo liter\u00e1rio.<\/p>\n<p data-start=\"976\" data-end=\"1217\">Al\u00e9m da Escola Cinco de Maio, a Escola Pedro Jo\u00e3o M\u00fcller tamb\u00e9m recebeu o projeto nesta edi\u00e7\u00e3o. Em outras passagens, o Viva o Livro j\u00e1 percorreu cidades como Horizontina-RS\u00a0e Catal\u00e3o-GO, ampliando o alcance da proposta.<\/p>\n<p>Literatura e valores humanos<\/p>\n<p data-start=\"1255\" data-end=\"1571\" data-is-last-node=\"\" data-is-only-node=\"\">Ao todo, 1.560 livros foram distribu\u00eddos entre escolas da rede municipal. Para a coordenadora Aline Testoni Cecel, a iniciativa vai al\u00e9m do incentivo \u00e0 leitura, mas tamb\u00e9m promove valores como empatia e trabalho em equipe, refor\u00e7ando o papel da literatura na forma\u00e7\u00e3o integral dos alunos.<\/p>\n","protected":false},"excerpt":{"rendered":"O gin\u00e1sio da Escola Cinco de Maio, em Montenegro, recebe nesta quarta\u00a0e quinta-feira, 15 e 16 de outubro,\u00a0o&hellip;\n","protected":false},"author":2,"featured_media":114460,"comment_status":"","ping_status":"","sticky":false,"template":"","format":"standard","meta":{"footnotes":""},"categories":[143],"tags":[169,114,115,3564,879,170,9132,32,26890,33],"class_list":{"0":"post-114459","1":"post","2":"type-post","3":"status-publish","4":"format-standard","5":"has-post-thumbnail","7":"category-livros","8":"tag-books","9":"tag-entertainment","10":"tag-entretenimento","11":"tag-evento","12":"tag-leitura","13":"tag-livros","14":"tag-montenegro","15":"tag-portugal","16":"tag-projeto-viva-o-livro","17":"tag-pt"},"share_on_mastodon":{"url":"","error":""},"_links":{"self":[{"href":"https:\/\/www.europesays.com\/pt\/wp-json\/wp\/v2\/posts\/114459","targetHints":{"allow":["GET"]}}],"collection":[{"href":"https:\/\/www.europesays.com\/pt\/wp-json\/wp\/v2\/posts"}],"about":[{"href":"https:\/\/www.europesays.com\/pt\/wp-json\/wp\/v2\/types\/post"}],"author":[{"embeddable":true,"href":"https:\/\/www.europesays.com\/pt\/wp-json\/wp\/v2\/users\/2"}],"replies":[{"embeddable":true,"href":"https:\/\/www.europesays.com\/pt\/wp-json\/wp\/v2\/comments?post=114459"}],"version-history":[{"count":0,"href":"https:\/\/www.europesays.com\/pt\/wp-json\/wp\/v2\/posts\/114459\/revisions"}],"wp:featuredmedia":[{"embeddable":true,"href":"https:\/\/www.europesays.com\/pt\/wp-json\/wp\/v2\/media\/114460"}],"wp:attachment":[{"href":"https:\/\/www.europesays.com\/pt\/wp-json\/wp\/v2\/media?parent=114459"}],"wp:term":[{"taxonomy":"category","embeddable":true,"href":"https:\/\/www.europesays.com\/pt\/wp-json\/wp\/v2\/categories?post=114459"},{"taxonomy":"post_tag","embeddable":true,"href":"https:\/\/www.europesays.com\/pt\/wp-json\/wp\/v2\/tags?post=114459"}],"curies":[{"name":"wp","href":"https:\/\/api.w.org\/{rel}","templated":true}]}}