{"id":114469,"date":"2025-10-17T10:12:07","date_gmt":"2025-10-17T10:12:07","guid":{"rendered":"https:\/\/www.europesays.com\/pt\/114469\/"},"modified":"2025-10-17T10:12:07","modified_gmt":"2025-10-17T10:12:07","slug":"leandro-regressa-a-casa-apos-a-desistencia-ha-abracos-lagrimas-gritos-de-alegria-mas-tambem-quem-nao-tenha-ficado-nada-feliz-secret-story","status":"publish","type":"post","link":"https:\/\/www.europesays.com\/pt\/114469\/","title":{"rendered":"Leandro regressa \u00e0 casa ap\u00f3s a &#8216;desist\u00eancia&#8217;. H\u00e1 abra\u00e7os, l\u00e1grimas, gritos de alegria mas tamb\u00e9m quem n\u00e3o tenha ficado nada feliz &#8211; Secret Story"},"content":{"rendered":"<p style=\"margin-bottom:11px\">O<strong> Secret Story 9 <\/strong>viveu um dos <strong>momentos mais marcantes desta edi\u00e7\u00e3o<\/strong>. Depois de ter anunciado a sua desist\u00eancia e abandonado a casa em l\u00e1grimas, <strong>Leandro regressou de forma inesperada, provocando uma onda de choque entre os colegas<\/strong>. O momento, transmitido em direto, transformou-se rapidamente num dos temas mais comentados dentro e fora da casa.<\/p>\n<p>Na tarde de quinta-feira, 16 de outubro,<strong> Leandro emocionou-se ao despedir-se dos restantes concorrentes<\/strong>. Visivelmente abalado, afirmou que j\u00e1 n\u00e3o tinha for\u00e7as para continuar e atravessou a porta de sa\u00edda num clima de tristeza e incredulidade. O ambiente dentro da casa ficou pesado, <strong>houve quem chorasse, quem se revoltasse e quem confessasse que \u00aba casa ficaria mais pobre\u00bb sem a sua presen\u00e7a<\/strong>.<\/p>\n<p>No entanto, o que os colegas n\u00e3o imaginavam \u00e9 que<strong> tudo fazia parte de uma miss\u00e3o secreta<\/strong>. Horas depois, no Extra, aconteceu a grande reviravolta: <strong>Leandro regressou \u00e0 Casa dos Segredos<\/strong>. O choque foi imediato: <strong>gritos, abra\u00e7os, risos e l\u00e1grimas marcaram o reencontro<\/strong>. Alguns concorrentes correram para o receber, <strong>sem esconder a alegria, enquanto outros se mostraram mais frios<\/strong>, evitando grandes demonstra\u00e7\u00f5es de afeto.<\/p>\n<p>De volta \u00e0 casa mais vigiada do pa\u00eds, <strong>Leandro garante que regressa com outra postura e com vontade de surpreender.<\/strong><\/p>\n<p><strong>Veja aqui o momento:<\/strong><\/p>\n<p>\u00a0<\/p>\n","protected":false},"excerpt":{"rendered":"O Secret Story 9 viveu um dos momentos mais marcantes desta edi\u00e7\u00e3o. Depois de ter anunciado a sua&hellip;\n","protected":false},"author":2,"featured_media":114470,"comment_status":"","ping_status":"","sticky":false,"template":"","format":"standard","meta":{"footnotes":""},"categories":[85],"tags":[8113,2632,329,333,328,335,336,114,115,334,330,12397,1326,338,19019,13,32,33,26632,1315,8174,162,19020,227],"class_list":{"0":"post-114469","1":"post","2":"type-post","3":"status-publish","4":"format-standard","5":"has-post-thumbnail","7":"category-entretenimento","8":"tag-alice-alves","9":"tag-casa-dos-segredos","10":"tag-claudio-ramos","11":"tag-comentadores","12":"tag-concorrentes","13":"tag-confrontos","14":"tag-discussoes","15":"tag-entertainment","16":"tag-entretenimento","17":"tag-exclusivos","18":"tag-gala","19":"tag-leandro","20":"tag-mafalda-castro","21":"tag-maria-botelho-moniz","22":"tag-marta-cardoso","23":"tag-noticias","24":"tag-portugal","25":"tag-pt","26":"tag-regresso","27":"tag-secret-story","28":"tag-segredos","29":"tag-tvi","30":"tag-video-do-dia","31":"tag-videos"},"share_on_mastodon":{"url":"","error":""},"_links":{"self":[{"href":"https:\/\/www.europesays.com\/pt\/wp-json\/wp\/v2\/posts\/114469","targetHints":{"allow":["GET"]}}],"collection":[{"href":"https:\/\/www.europesays.com\/pt\/wp-json\/wp\/v2\/posts"}],"about":[{"href":"https:\/\/www.europesays.com\/pt\/wp-json\/wp\/v2\/types\/post"}],"author":[{"embeddable":true,"href":"https:\/\/www.europesays.com\/pt\/wp-json\/wp\/v2\/users\/2"}],"replies":[{"embeddable":true,"href":"https:\/\/www.europesays.com\/pt\/wp-json\/wp\/v2\/comments?post=114469"}],"version-history":[{"count":0,"href":"https:\/\/www.europesays.com\/pt\/wp-json\/wp\/v2\/posts\/114469\/revisions"}],"wp:featuredmedia":[{"embeddable":true,"href":"https:\/\/www.europesays.com\/pt\/wp-json\/wp\/v2\/media\/114470"}],"wp:attachment":[{"href":"https:\/\/www.europesays.com\/pt\/wp-json\/wp\/v2\/media?parent=114469"}],"wp:term":[{"taxonomy":"category","embeddable":true,"href":"https:\/\/www.europesays.com\/pt\/wp-json\/wp\/v2\/categories?post=114469"},{"taxonomy":"post_tag","embeddable":true,"href":"https:\/\/www.europesays.com\/pt\/wp-json\/wp\/v2\/tags?post=114469"}],"curies":[{"name":"wp","href":"https:\/\/api.w.org\/{rel}","templated":true}]}}