{"id":114479,"date":"2025-10-17T10:21:44","date_gmt":"2025-10-17T10:21:44","guid":{"rendered":"https:\/\/www.europesays.com\/pt\/114479\/"},"modified":"2025-10-17T10:21:44","modified_gmt":"2025-10-17T10:21:44","slug":"vidas-sem-nome","status":"publish","type":"post","link":"https:\/\/www.europesays.com\/pt\/114479\/","title":{"rendered":"Vidas sem nome &#8211;"},"content":{"rendered":"<p>\t\t\t\t\t<a href=\"https:\/\/aterraeredonda.com.br\/vidas-sem-nome\/?print=pdf\" class=\"pdfprnt-button pdfprnt-button-pdf\" target=\"_blank\" rel=\"nofollow noopener\"><img decoding=\"async\" src=\"https:\/\/www.europesays.com\/pt\/wp-content\/uploads\/2025\/10\/pdf.png\" alt=\"image_pdf\" title=\"Ver PDF\"\/><\/a><a href=\"https:\/\/aterraeredonda.com.br\/vidas-sem-nome\/?print=print\" class=\"pdfprnt-button pdfprnt-button-print\" target=\"_blank\" rel=\"nofollow noopener\"><img decoding=\"async\" src=\"https:\/\/www.europesays.com\/pt\/wp-content\/uploads\/2025\/10\/print.png\" alt=\"image_print\" title=\"Conte\u00fado de impress\u00e3o\"\/><\/a><\/p>\n<p>Por <strong>DANIEL BRAZIL*<\/strong><\/p>\n<p>Coment\u00e1rio sobre o livro, rec\u00e9m lan\u00e7ado, de Wilson Gorj.<\/p>\n<p>Algu\u00e9m j\u00e1 deve ter relacionado a prolifera\u00e7\u00e3o das formas de prosa curta, os famigerados microcontos, com a era da internet. A necessidade do mundo p\u00f3s-moderno de velocidade cada vez maior, de urg\u00eancia da informa\u00e7\u00e3o, contamina a m\u00fasica de consumo, as artes pl\u00e1sticas (de consumo), o cinema (de consumo), e \u00e9 inevit\u00e1vel que a literatura tamb\u00e9m seja envolvida por esse turbilh\u00e3o.<\/p>\n<p>Claro que o microconto j\u00e1 existia \u2013 Monterroso que o diga! \u2013 assim como as f\u00e1bulas moralistas e o milenar haikai. O que as redes sociais propiciaram foi a multiplica\u00e7\u00e3o destas formas curtas, que se mostram muito mais adequadas aos novos meios. \u00c9 invi\u00e1vel ler um conto de vinte p\u00e1ginas num celular, suponho. Ali\u00e1s, nunca tentei, confesso.<\/p>\n<p>Esse processo de emagrecimento liter\u00e1rio acarreta na maioria das vezes uma escrita menos elaborada, reflex\u00f5es rasas, sentimentos mais descart\u00e1veis. Ser breve \u00e9 uma coisa, ser sint\u00e9tico \u00e9 outra. A s\u00edntese \u00e9 um processo intelectual de concentra\u00e7\u00e3o de sentidos, de significados, que poucos autores de fato conseguem alcan\u00e7ar.<\/p>\n<p>Wilson Gorj, no rec\u00e9m lan\u00e7ado volume Vidas sem nome mostra que \u00e9 poss\u00edvel conjugar economia de palavras com riqueza liter\u00e1ria. O autor, tamb\u00e9m editor, \u00e9 devotado \u00e0 microfic\u00e7\u00e3o, tendo volumes publicados e, obviamente, uma milit\u00e2ncia cont\u00ednua na internet. Tem um romance publicado, A inevit\u00e1vel fraqueza da carne, onde demonstrou per\u00edcia em desenvolver uma narrativa longa.<\/p>\n<p>Vidas sem nome n\u00e3o \u00e9 uma colet\u00e2nea de microcontos, mas sim de contos com duas, tr\u00eas, at\u00e9 cinco p\u00e1ginas. Wilson Gorj esbanja criatividade nos argumentos, com cen\u00e1rios e personagens surpreendentes.<\/p>\n<p>Lan\u00e7a m\u00e3o de elementos de fantasia em alguns momentos, mas tamb\u00e9m \u00e9 totalmente realista em v\u00e1rias narrativas. Tinge algumas hist\u00f3rias de lirismo, pincela humor em outras. Pode ser cruel e piedoso, \u00e0s vezes no mesmo texto.<\/p>\n<p>Esta complexidade de sensa\u00e7\u00f5es s\u00f3 \u00e9 alcan\u00e7ada com sucesso por quem domina o labor da escrita. Como diz Mario Baggio, outro craque da fic\u00e7\u00e3o enxuta, na orelha do livro, \u201c\u00e9 uma celebra\u00e7\u00e3o da palavra m\u00ednima com efeito m\u00e1ximo\u201d.<\/p>\n<p>E Wilson Gorj n\u00e3o tem receio de adicionar mais duas ou tr\u00eas p\u00e1ginas a uma boa ideia para obter o efeito desejado, para acrescentar nuances ou aprofundar o desenvolvimento da narrativa, preparando desfechos sempre surpreendentes. Uma escrita madura, fluente, de elaborada simplicidade, que nos convida \u00e0 releitura assim que terminamos o livro.<\/p>\n<p><strong>*Daniel Brazil<\/strong> \u00e9 escritor, autor do romance Terno de Reis (Penalux), roteirista e diretor de TV, cr\u00edtico musical e liter\u00e1rio.<\/p>\n<p><strong>Refer\u00eancia<\/strong><\/p>\n<p>Wilson Gorj. Vidas sem nome. S\u00e3o Paulo, Litteralux, 2025.<\/p>\n<p class=\"has-text-align-center has-background\" style=\"background-color:#e99152\"><strong>A Terra \u00e9 Redonda\u00a0existe gra\u00e7as<\/strong>\u00a0<strong>aos nossos leitores e apoiadores.<br \/>Ajude-nos a manter esta ideia.<br \/><a href=\"https:\/\/aterraeredonda.com.br\/CONTRIBUA\/\" target=\"_blank\" rel=\"noreferrer noopener nofollow\"><strong\/><\/a><a href=\"https:\/\/aterraeredonda.com.br\/CONTRIBUA\/\" target=\"_blank\" rel=\"noreferrer noopener nofollow\">C O N T R I B U A<\/a><\/strong><\/p>\n","protected":false},"excerpt":{"rendered":"Por DANIEL BRAZIL* Coment\u00e1rio sobre o livro, rec\u00e9m lan\u00e7ado, de Wilson Gorj. Algu\u00e9m j\u00e1 deve ter relacionado a&hellip;\n","protected":false},"author":2,"featured_media":114480,"comment_status":"","ping_status":"","sticky":false,"template":"","format":"standard","meta":{"footnotes":""},"categories":[143],"tags":[169,13204,114,115,170,32,33],"class_list":{"0":"post-114479","1":"post","2":"type-post","3":"status-publish","4":"format-standard","5":"has-post-thumbnail","7":"category-livros","8":"tag-books","9":"tag-daniel-brazil","10":"tag-entertainment","11":"tag-entretenimento","12":"tag-livros","13":"tag-portugal","14":"tag-pt"},"share_on_mastodon":{"url":"","error":""},"_links":{"self":[{"href":"https:\/\/www.europesays.com\/pt\/wp-json\/wp\/v2\/posts\/114479","targetHints":{"allow":["GET"]}}],"collection":[{"href":"https:\/\/www.europesays.com\/pt\/wp-json\/wp\/v2\/posts"}],"about":[{"href":"https:\/\/www.europesays.com\/pt\/wp-json\/wp\/v2\/types\/post"}],"author":[{"embeddable":true,"href":"https:\/\/www.europesays.com\/pt\/wp-json\/wp\/v2\/users\/2"}],"replies":[{"embeddable":true,"href":"https:\/\/www.europesays.com\/pt\/wp-json\/wp\/v2\/comments?post=114479"}],"version-history":[{"count":0,"href":"https:\/\/www.europesays.com\/pt\/wp-json\/wp\/v2\/posts\/114479\/revisions"}],"wp:featuredmedia":[{"embeddable":true,"href":"https:\/\/www.europesays.com\/pt\/wp-json\/wp\/v2\/media\/114480"}],"wp:attachment":[{"href":"https:\/\/www.europesays.com\/pt\/wp-json\/wp\/v2\/media?parent=114479"}],"wp:term":[{"taxonomy":"category","embeddable":true,"href":"https:\/\/www.europesays.com\/pt\/wp-json\/wp\/v2\/categories?post=114479"},{"taxonomy":"post_tag","embeddable":true,"href":"https:\/\/www.europesays.com\/pt\/wp-json\/wp\/v2\/tags?post=114479"}],"curies":[{"name":"wp","href":"https:\/\/api.w.org\/{rel}","templated":true}]}}