{"id":114508,"date":"2025-10-17T10:53:14","date_gmt":"2025-10-17T10:53:14","guid":{"rendered":"https:\/\/www.europesays.com\/pt\/114508\/"},"modified":"2025-10-17T10:53:14","modified_gmt":"2025-10-17T10:53:14","slug":"manuel-luis-goucha-a-nova-vida-e-o-novo-negocio-fora-da-televisao","status":"publish","type":"post","link":"https:\/\/www.europesays.com\/pt\/114508\/","title":{"rendered":"Manuel Lu\u00eds Goucha &#8211; A nova vida e o novo neg\u00f3cio fora da Televis\u00e3o"},"content":{"rendered":"<p>H\u00e1 cerca de duas semanas,<a href=\"https:\/\/www.novagente.pt\/manuel-luis-goucha-que-rui-oliveira-faz-que-tira-marido-do-serio\" target=\"_blank\" rel=\"nofollow noopener\"> <strong>Manuel Lu\u00eds Goucha<\/strong><\/a> marcou presen\u00e7a na mais recente edi\u00e7\u00e3o da <a href=\"https:\/\/www.novagente.pt\/manuel-luis-goucha-reage-ao-processo-de-catarina-miranda-contra-rui-oliveira-se-assim-entender\" target=\"_blank\" rel=\"nofollow noopener\"><strong>ModaLisboa<\/strong><\/a>, onde, mesmo sem subir \u00e0 passerelle, como j\u00e1 aconteceu em edi\u00e7\u00f5es anteriores, acabou por se destacar entre os convidados deste evento que celebra a moda nacional.<\/p>\n<p>Entre desfiles e reencontros, o apresentador da TVI esteve \u00e0 conversa com a NOVA GENTE e\u00a0partilhou detalhes sobre a nova fase da sua vida que est\u00e1 a viver, marcada por uma rotina menos r\u00edgida e com mais tempo para si.<\/p>\n<p>Durante a semana, Goucha pode ser visto nas tardes da TVI com o concurso Soma e Segue, um formato di\u00e1rio que, apesar de estar no ar todos os dias, \u00e9 gravado com anteced\u00eancia, o que lhe confere uma liberdade de hor\u00e1rios in\u00e9dita em muitos anos de carreira.<\/p>\n<p>&#8220;Esta semana estive no Alentejo. Eu agora estou mais folgado de tempo, porque todos os concursos est\u00e3o gravados. Estou diariamente no ar, mas o concurso est\u00e1 gravado at\u00e9 final de novembro&#8221;, come\u00e7ou por contar.<\/p>\n<p>&#8220;Tenho de fazer o direto ao domingo, s\u00e3o seis horas, com o Funt\u00e1stico, mas estou mais livre, o que me permite viajar, ir para o Alentejo, cuidar dos neg\u00f3cios da minha empresa, como foi o caso desta semana: fui a um evento ontem, vim para a ModaLisboa hoje, e j\u00e1 fico para o domingo&#8221;, acrescentou.<\/p>\n<p>Apesar do novo ritmo, o apresentador garante que a ess\u00eancia do seu trabalho se mant\u00e9m: &#8220;Ganhei tempo, porque agora est\u00e1 tudo gravado, mas enquanto n\u00e3o esteve, eu gravava oito programas em dois dias\u201d. Um ritmo que, para muitos, seria dif\u00edcil de acompanhar, mas que Goucha encara com o profissionalismo e a disciplina que sempre o definiram.<\/p>\n<p>As vacas Black Angus<\/p>\n<p>Mas a vida de Goucha n\u00e3o se resume \u00e0 televis\u00e3o. Com o marido, <strong>Rui Oliveira<\/strong>, tem investido em novos projetos empresariais, cada vez mais ligados ao campo e \u00e0 natureza.<\/p>\n<p>&#8220;O Rui, desta vez, ficou no Alentejo a cuidar das nossas vacas. Agora temos vacas&#8221;, disse, entre risos. &#8220;Eu tenho a minha empresa, que n\u00e3o tem apenas a parte da televis\u00e3o, produ\u00e7\u00e3o e apresenta\u00e7\u00e3o de programas e publicidade, como tem tamb\u00e9m agora cavalos, ovelhas, azeite e vacas. Portanto, n\u00f3s agora decidimos abrir a nossa empresa para uma nova propriedade com vacas Black Angus, que vieram da Irlanda&#8221;, revelou, com o entusiasmo de quem v\u00ea no campo uma extens\u00e3o do seu modo de vida.<\/p>\n<p>Texto: Lu\u00eds Duarte Sousa; Fotos: Nuno Moreira e D.R.<\/p>\n<p><strong>Leia esta mat\u00e9ria na \u00edntegra na sua NOVA GENTE desta semana. J\u00e1 nas bancas<\/strong><\/p>\n<p><strong><img decoding=\"async\" alt=\"\" src=\"https:\/\/www.europesays.com\/pt\/wp-content\/uploads\/2025\/10\/1.55348-e1760520187542.jpg .jpeg\" style=\"width: 300px; height: 387px;\"\/><\/strong><\/p>\n<p class=\"intagram-text\">Siga a Nova Gente no Instagram<\/p>\n<p>                        <a href=\"https:\/\/www.instagram.com\/revistanovagente\/\" target=\"_blank\" aria-label=\"instagram\" rel=\"noopener nofollow\"><img decoding=\"async\" style=\"display: block; margin-left: auto; margin-right: auto; width: 250px; height: 83px;\" src=\"https:\/\/www.europesays.com\/pt\/wp-content\/uploads\/2025\/10\/Instagram_NG.png\" alt=\"instagram\"\/><\/a><br \/>\n                    <script async src=\"\/\/www.instagram.com\/embed.js\"><\/script><\/p>\n","protected":false},"excerpt":{"rendered":"H\u00e1 cerca de duas semanas, Manuel Lu\u00eds Goucha marcou presen\u00e7a na mais recente edi\u00e7\u00e3o da ModaLisboa, onde, mesmo&hellip;\n","protected":false},"author":2,"featured_media":114509,"comment_status":"","ping_status":"","sticky":false,"template":"","format":"standard","meta":{"footnotes":""},"categories":[145],"tags":[211,210,166,114,115,3416,32,33],"class_list":{"0":"post-114508","1":"post","2":"type-post","3":"status-publish","4":"format-standard","5":"has-post-thumbnail","7":"category-celebridades","8":"tag-celebridades","9":"tag-celebrities","10":"tag-cristina-ferreira","11":"tag-entertainment","12":"tag-entretenimento","13":"tag-manuel-luis-goucha","14":"tag-portugal","15":"tag-pt"},"share_on_mastodon":{"url":"","error":""},"_links":{"self":[{"href":"https:\/\/www.europesays.com\/pt\/wp-json\/wp\/v2\/posts\/114508","targetHints":{"allow":["GET"]}}],"collection":[{"href":"https:\/\/www.europesays.com\/pt\/wp-json\/wp\/v2\/posts"}],"about":[{"href":"https:\/\/www.europesays.com\/pt\/wp-json\/wp\/v2\/types\/post"}],"author":[{"embeddable":true,"href":"https:\/\/www.europesays.com\/pt\/wp-json\/wp\/v2\/users\/2"}],"replies":[{"embeddable":true,"href":"https:\/\/www.europesays.com\/pt\/wp-json\/wp\/v2\/comments?post=114508"}],"version-history":[{"count":0,"href":"https:\/\/www.europesays.com\/pt\/wp-json\/wp\/v2\/posts\/114508\/revisions"}],"wp:featuredmedia":[{"embeddable":true,"href":"https:\/\/www.europesays.com\/pt\/wp-json\/wp\/v2\/media\/114509"}],"wp:attachment":[{"href":"https:\/\/www.europesays.com\/pt\/wp-json\/wp\/v2\/media?parent=114508"}],"wp:term":[{"taxonomy":"category","embeddable":true,"href":"https:\/\/www.europesays.com\/pt\/wp-json\/wp\/v2\/categories?post=114508"},{"taxonomy":"post_tag","embeddable":true,"href":"https:\/\/www.europesays.com\/pt\/wp-json\/wp\/v2\/tags?post=114508"}],"curies":[{"name":"wp","href":"https:\/\/api.w.org\/{rel}","templated":true}]}}