{"id":114510,"date":"2025-10-17T10:56:14","date_gmt":"2025-10-17T10:56:14","guid":{"rendered":"https:\/\/www.europesays.com\/pt\/114510\/"},"modified":"2025-10-17T10:56:14","modified_gmt":"2025-10-17T10:56:14","slug":"secret-story-entre-polemicas-familia-de-fabio-faz-promessa-que-pode-significar-grande-mudanca","status":"publish","type":"post","link":"https:\/\/www.europesays.com\/pt\/114510\/","title":{"rendered":"&#8220;Secret Story&#8221;: entre pol\u00e9micas, fam\u00edlia de F\u00e1bio faz promessa&#8230; que pode significar grande mudan\u00e7a!"},"content":{"rendered":"<p>A participa\u00e7\u00e3o de F\u00e1bio Pereira na nona edi\u00e7\u00e3o de &#8220;<a href=\"https:\/\/tvi.iol.pt\/secretstory\/\" target=\"_blank\" rel=\"nofollow noopener\">Secret Story<\/a> &#8211; Casa dos Segredos&#8221; est\u00e1 a ficar marcada por v\u00e1rias pol\u00e9micas, a come\u00e7ar pelo romance que come\u00e7ou a viver com Liliana Oliveira.<\/p>\n<p>Inicialmente, foram dados ind\u00edcios de que a fam\u00edlia de F\u00e1bio Pereira poderia n\u00e3o apoiar esta rela\u00e7\u00e3o. No entanto, uma recente mensagem publicada no perfil de Instagram do participante do reality show da <a href=\"https:\/\/tvi.iol.pt\/\" target=\"_blank\" rel=\"nofollow noopener\">TVI<\/a> deixa no ar exatamente o oposto.<\/p>\n<p>&#8220;Seja onde, quando ou com quem, estaremos sempre na primeira fila para ti&#8221;, prometeram os representantes do morador da casa mais vigiada do Pa\u00eds, deixando ainda um sincero agradecimento aos apoiantes do jovem: &#8220;Muito obrigado por todo o apoio e carinho!&#8221;<\/p>\n<p>Veja, agora, nas galerias que prepar\u00e1mos para si, as melhores imagens dos concorrentes de <a href=\"https:\/\/selfie.iol.pt\/famosos\/casa-dos-segredos-9\/secret-story-revelado-o-que-fabio-disse-a-marisa-apos-a-polemica-com-ovo-achas-que-exagerei\/20251010\/68e977dad34e58bc6796c518\" target=\"_blank\" rel=\"nofollow noopener\">F\u00e1bio Pereira<\/a> e <a href=\"https:\/\/selfie.iol.pt\/famosos\/casa-dos-segredos-9\/cenas-intimas-em-secret-story-liliana-faz-revelacao-pelo-fabio-ja-tinhamos-tido\/20251010\/68e96471d34ee0c2fed120b6\" target=\"_blank\" rel=\"nofollow noopener\">Liliana Oliveira<\/a>.<\/p>\n<blockquote class=\"instagram-media\" data-instgrm-captioned=\"\" data-instgrm-permalink=\"https:\/\/www.instagram.com\/p\/DP1Bwd9iFVt\/?utm_source=ig_embed&amp;utm_campaign=loading\" data-instgrm-version=\"14\" style=\" background:#FFF; border:0; border-radius:3px; box-shadow:0 0 1px 0 rgba(0,0,0,0.5),0 1px 10px 0 rgba(0,0,0,0.15); margin: 1px; max-width:540px; min-width:326px; padding:0; width:99.375%; width:-webkit-calc(100% - 2px); width:calc(100% - 2px);\">\n<\/blockquote>\n<p>\u00a0<\/p>\n<p>                        <script async src=\"\/\/www.instagram.com\/embed.js\"><\/script><\/p>\n","protected":false},"excerpt":{"rendered":"A participa\u00e7\u00e3o de F\u00e1bio Pereira na nona edi\u00e7\u00e3o de &#8220;Secret Story &#8211; Casa dos Segredos&#8221; est\u00e1 a ficar&hellip;\n","protected":false},"author":2,"featured_media":73297,"comment_status":"","ping_status":"","sticky":false,"template":"","format":"standard","meta":{"footnotes":""},"categories":[142],"tags":[2632,13471,6338,114,115,19082,24884,980,1015,19016,24883,619,32,33,1014,1315,6985,16687,16686,1012,6986,16688,151,162],"class_list":{"0":"post-114510","1":"post","2":"type-post","3":"status-publish","4":"format-standard","5":"has-post-thumbnail","7":"category-tv","8":"tag-casa-dos-segredos","9":"tag-casa-dos-segredos-9","10":"tag-concorrente","11":"tag-entertainment","12":"tag-entretenimento","13":"tag-fabio","14":"tag-fabio-pereira","15":"tag-famosos","16":"tag-instagram","17":"tag-liliana","18":"tag-liliana-oliveira","19":"tag-nacional","20":"tag-portugal","21":"tag-pt","22":"tag-reality-show","23":"tag-secret-story","24":"tag-secret-story-casa-dos-segredos","25":"tag-secret-story-casa-dos-segredos-9","26":"tag-secret-story-9","27":"tag-selfie","28":"tag-ss","29":"tag-ss9","30":"tag-tv","31":"tag-tvi"},"share_on_mastodon":{"url":"","error":""},"_links":{"self":[{"href":"https:\/\/www.europesays.com\/pt\/wp-json\/wp\/v2\/posts\/114510","targetHints":{"allow":["GET"]}}],"collection":[{"href":"https:\/\/www.europesays.com\/pt\/wp-json\/wp\/v2\/posts"}],"about":[{"href":"https:\/\/www.europesays.com\/pt\/wp-json\/wp\/v2\/types\/post"}],"author":[{"embeddable":true,"href":"https:\/\/www.europesays.com\/pt\/wp-json\/wp\/v2\/users\/2"}],"replies":[{"embeddable":true,"href":"https:\/\/www.europesays.com\/pt\/wp-json\/wp\/v2\/comments?post=114510"}],"version-history":[{"count":0,"href":"https:\/\/www.europesays.com\/pt\/wp-json\/wp\/v2\/posts\/114510\/revisions"}],"wp:featuredmedia":[{"embeddable":true,"href":"https:\/\/www.europesays.com\/pt\/wp-json\/wp\/v2\/media\/73297"}],"wp:attachment":[{"href":"https:\/\/www.europesays.com\/pt\/wp-json\/wp\/v2\/media?parent=114510"}],"wp:term":[{"taxonomy":"category","embeddable":true,"href":"https:\/\/www.europesays.com\/pt\/wp-json\/wp\/v2\/categories?post=114510"},{"taxonomy":"post_tag","embeddable":true,"href":"https:\/\/www.europesays.com\/pt\/wp-json\/wp\/v2\/tags?post=114510"}],"curies":[{"name":"wp","href":"https:\/\/api.w.org\/{rel}","templated":true}]}}