{"id":114517,"date":"2025-10-17T11:04:12","date_gmt":"2025-10-17T11:04:12","guid":{"rendered":"https:\/\/www.europesays.com\/pt\/114517\/"},"modified":"2025-10-17T11:04:12","modified_gmt":"2025-10-17T11:04:12","slug":"animais-de-estimacao-podem-ser-considerados-bagagem-em-voos-decide-tribunal-da-ue-animais","status":"publish","type":"post","link":"https:\/\/www.europesays.com\/pt\/114517\/","title":{"rendered":"Animais de estima\u00e7\u00e3o podem ser considerados bagagem em voos, decide tribunal da UE | Animais"},"content":{"rendered":"<p>O Tribunal superior da Uni\u00e3o Europeia decidiu, nesta quinta-feira, que animais de estima\u00e7\u00e3o podem ser considerados bagagem em voos internacionais. A decis\u00e3o surge na sequ\u00eancia do caso de uma cadela, Mona, que em 2019 se perdeu num voo de Buenos Aires para Barcelona.<\/p>\n<p>Segundo o jornal <a href=\"https:\/\/www.theguardian.com\/law\/2025\/oct\/16\/pets-on-flights-can-be-classed-as-baggage-iberia\" rel=\"nofollow noopener\" target=\"_blank\">The Guardian<\/a>, a cadela \u201csaiu da caixa de transporte especial e come\u00e7ou a correr perto do avi\u00e3o, n\u00e3o tendo sido poss\u00edvel recuper\u00e1-la\u201d. A dona da cadela, Felic\u00edsima, ter\u00e1 feito uma \u201cbusca intensiva\u201d, inclusive nas redes sociais, mas nunca recuperou a cadela, aponta o mesmo jornal.<\/p>\n<p>Felic\u00edsima pediu uma indemniza\u00e7\u00e3o no valor de 5000 euros por \u201cdanos n\u00e3o materiais\u201d, mas a companhia, que assumiu a perda, argumentou que \u201ca responsabilidade \u00e9 limitada pelas regras da UE\u201d, de acordo com a <a href=\"https:\/\/sicnoticias.pt\/mundo\/2025-10-16-caes-e-gatos-podem-ser-considerados-bagagem-reduzindo-responsabilidade-das-companhias-aereas-31bcffd3\" rel=\"nofollow noopener\" target=\"_blank\">SIC<\/a><a href=\"https:\/\/sicnoticias.pt\/mundo\/2025-10-16-caes-e-gatos-podem-ser-considerados-bagagem-reduzindo-responsabilidade-das-companhias-aereas-31bcffd3\" rel=\"nofollow noopener\" target=\"_blank\"> Not\u00edcias<\/a>. Come\u00e7ou a\u00ed um processo judicial que se arrastou por seis anos, tendo um juiz espanhol encaminhado o caso para o Tribunal superior da UE.<\/p>\n<p>Agora, o tribunal d\u00e1 raz\u00e3o \u00e0 companhia, a Iberia. A justifica\u00e7\u00e3o da decis\u00e3o passou pelo facto de a estrutura da Conven\u00e7\u00e3o de Montreal se cingir a itens perdidos e danificados, sendo os <a href=\"https:\/\/www.publico.pt\/p3\/pet\" rel=\"nofollow noopener\" target=\"_blank\">animais <\/a>parte dessa categoria. O The Guardian refere que o juiz ter\u00e1 dito que a responsabilidade de uma companhia a\u00e9rea sobre bagagem perdida pode ser determinada por uma declara\u00e7\u00e3o especial em rela\u00e7\u00e3o aos pertences, mas que tal n\u00e3o aconteceu \u2013 nem Felic\u00edsima nem a sua m\u00e3e, com quem viajava, deixaram notas particulares em rela\u00e7\u00e3o ao transporte da cadela.<\/p>\n<p>O tribunal, em comunicado, apontou que \u201co facto da protec\u00e7\u00e3o e bem-estar dos animais ser do interesse da Uni\u00e3o Europeia n\u00e3o impede que os animais sejam transportados como \u2018bagagem\u2019 e que sejam assim considerados a n\u00edvel de apuramento de responsabilidades em caso de perda\u201d.<\/p>\n<p>        &#13;<\/p>\n<p>&#13;<br \/>\n                &#13;\n            <\/p>\n<p>&#13;<\/p>\n<p>A decis\u00e3o desta quinta-feira assegura, por isso, que em caso de perda de animais pela companhia a\u00e9rea, esta n\u00e3o tem de pagar indemniza\u00e7\u00f5es superiores \u00e0s que j\u00e1 est\u00e3o estabelecidas para qualquer objecto perdido.<\/p>\n<p>Texto editado por Renata Monteiro<\/p>\n","protected":false},"excerpt":{"rendered":"O Tribunal superior da Uni\u00e3o Europeia decidiu, nesta quinta-feira, que animais de estima\u00e7\u00e3o podem ser considerados bagagem em&hellip;\n","protected":false},"author":2,"featured_media":114518,"comment_status":"","ping_status":"","sticky":false,"template":"","format":"standard","meta":{"footnotes":""},"categories":[50],"tags":[1353,27,28,15,16,14,19353,25,26,21,22,62,12,13,19,20,534,542,8570,23,24,17,18,29,30,31,636,63,64,65],"class_list":{"0":"post-114517","1":"post","2":"type-post","3":"status-publish","4":"format-standard","5":"has-post-thumbnail","7":"category-mundo","8":"tag-animais","9":"tag-breaking-news","10":"tag-breakingnews","11":"tag-featured-news","12":"tag-featurednews","13":"tag-headlines","14":"tag-justica-e-direitos","15":"tag-latest-news","16":"tag-latestnews","17":"tag-main-news","18":"tag-mainnews","19":"tag-mundo","20":"tag-news","21":"tag-noticias","22":"tag-noticias-principais","23":"tag-noticiasprincipais","24":"tag-p3","25":"tag-para-redes","26":"tag-pet","27":"tag-principais-noticias","28":"tag-principaisnoticias","29":"tag-top-stories","30":"tag-topstories","31":"tag-ultimas","32":"tag-ultimas-noticias","33":"tag-ultimasnoticias","34":"tag-uniao-europeia","35":"tag-world","36":"tag-world-news","37":"tag-worldnews"},"share_on_mastodon":{"url":"","error":""},"_links":{"self":[{"href":"https:\/\/www.europesays.com\/pt\/wp-json\/wp\/v2\/posts\/114517","targetHints":{"allow":["GET"]}}],"collection":[{"href":"https:\/\/www.europesays.com\/pt\/wp-json\/wp\/v2\/posts"}],"about":[{"href":"https:\/\/www.europesays.com\/pt\/wp-json\/wp\/v2\/types\/post"}],"author":[{"embeddable":true,"href":"https:\/\/www.europesays.com\/pt\/wp-json\/wp\/v2\/users\/2"}],"replies":[{"embeddable":true,"href":"https:\/\/www.europesays.com\/pt\/wp-json\/wp\/v2\/comments?post=114517"}],"version-history":[{"count":0,"href":"https:\/\/www.europesays.com\/pt\/wp-json\/wp\/v2\/posts\/114517\/revisions"}],"wp:featuredmedia":[{"embeddable":true,"href":"https:\/\/www.europesays.com\/pt\/wp-json\/wp\/v2\/media\/114518"}],"wp:attachment":[{"href":"https:\/\/www.europesays.com\/pt\/wp-json\/wp\/v2\/media?parent=114517"}],"wp:term":[{"taxonomy":"category","embeddable":true,"href":"https:\/\/www.europesays.com\/pt\/wp-json\/wp\/v2\/categories?post=114517"},{"taxonomy":"post_tag","embeddable":true,"href":"https:\/\/www.europesays.com\/pt\/wp-json\/wp\/v2\/tags?post=114517"}],"curies":[{"name":"wp","href":"https:\/\/api.w.org\/{rel}","templated":true}]}}