{"id":114562,"date":"2025-10-17T11:53:11","date_gmt":"2025-10-17T11:53:11","guid":{"rendered":"https:\/\/www.europesays.com\/pt\/114562\/"},"modified":"2025-10-17T11:53:11","modified_gmt":"2025-10-17T11:53:11","slug":"vem-ai-em-a-protegida-jd-guarda-segredo-bombastico-que-pertence-a-laura-novelas","status":"publish","type":"post","link":"https:\/\/www.europesays.com\/pt\/114562\/","title":{"rendered":"Vem a\u00ed em \u00abA Protegida\u00bb: JD guarda segredo bomb\u00e1stico que pertence a Laura &#8211; Novelas"},"content":{"rendered":"<p>Em \u00abA Protegida\u00bb, <a href=\"https:\/\/tvi.iol.pt\/novelas\/ator\/jose-diogo\/67ac875bd34ef72ee4422589\" wbo-id=\"52\" rel=\"nofollow noopener\" target=\"_blank\">Jos\u00e9 Diogo (Pedro Sousa)<\/a>\u00a0est\u00e1 por ali quando <a href=\"https:\/\/tvi.iol.pt\/novelas\/search?pagina=1&amp;pesquisa=alexandra+lencastre\" rel=\"nofollow noopener\" target=\"_blank\">Laura (Alexandra Lencastre)<\/a>\u00a0chega no carro de <a href=\"https:\/\/tvi.iol.pt\/novelas\/search?pagina=1&amp;pesquisa=joaquim+horta\" rel=\"nofollow noopener\" target=\"_blank\">\u00d3scar (Joaquim Horta)<\/a>. Ela beija \u00d3scar e pede a JD para n\u00e3o comentar nada com ningu\u00e9m. JD vai ter com \u00d3scar e abra\u00e7a-o feliz, por estar em liberdade e por estar com Laura. \u00d3scar diz que Laura tem de resolver o casamento com Jorge e JD n\u00e3o podia ficar mais feliz com as novidades.<\/p>\n<p>Mariana vai ter com JD e beija-o. JD conta que Laura e \u00d3scar chegaram juntos e <a href=\"https:\/\/tvi.iol.pt\/novelas\/ator\/mariana-vilalobos\/67ac80ecd34ef72ee44224fe\" wbo-id=\"51\" rel=\"nofollow noopener\" target=\"_blank\">Mariana (Matilde Reym\u00e3o)<\/a>\u00a0fica muito feliz. JD relembra-a de que namoram \u00e0s escondidas, mas Mariana est\u00e1 a ter dificuldade em conter-se. Benedita aparece e fica feliz por v\u00ea-los juntos. <a href=\"https:\/\/tvi.iol.pt\/novelas\/ator\/benedita-vilalobos\/67ac818fd34ef72ee4422507\" rel=\"nofollow noopener\" target=\"_blank\">Benedita (Maria do C\u00e9u Guerra)<\/a>\u00a0diz que est\u00e1 a morrer e gostava de os ver casar. Mariana fica preocupada com a av\u00f3.<\/p>\n<p>De relembrar que Laura j\u00e1 tinha confessado ter uma ideia diferente referente a JD:<\/p>\n","protected":false},"excerpt":{"rendered":"Em \u00abA Protegida\u00bb, Jos\u00e9 Diogo (Pedro Sousa)\u00a0est\u00e1 por ali quando Laura (Alexandra Lencastre)\u00a0chega no carro de \u00d3scar (Joaquim&hellip;\n","protected":false},"author":2,"featured_media":114563,"comment_status":"","ping_status":"","sticky":false,"template":"","format":"standard","meta":{"footnotes":""},"categories":[142],"tags":[168,882,160,166,114,115,157,167,14916,1406,164,885,161,1409,158,165,159,32,33,156,163,151,162],"class_list":{"0":"post-114562","1":"post","2":"type-post","3":"status-publish","4":"format-standard","5":"has-post-thumbnail","7":"category-tv","8":"tag-a-protegida","9":"tag-alexandra-lencastre","10":"tag-ana-guiomar","11":"tag-cristina-ferreira","12":"tag-entertainment","13":"tag-entretenimento","14":"tag-festa-e-festa","15":"tag-ficcao","16":"tag-jd","17":"tag-joaquim-horta","18":"tag-jose-fidalgo","19":"tag-laura","20":"tag-novelas","21":"tag-oscar","22":"tag-para-sempre","23":"tag-pedro-sousa","24":"tag-pedro-teixeira","25":"tag-portugal","26":"tag-pt","27":"tag-queridos-papas","28":"tag-tiago-teotonio-pereira","29":"tag-tv","30":"tag-tvi"},"share_on_mastodon":{"url":"","error":""},"_links":{"self":[{"href":"https:\/\/www.europesays.com\/pt\/wp-json\/wp\/v2\/posts\/114562","targetHints":{"allow":["GET"]}}],"collection":[{"href":"https:\/\/www.europesays.com\/pt\/wp-json\/wp\/v2\/posts"}],"about":[{"href":"https:\/\/www.europesays.com\/pt\/wp-json\/wp\/v2\/types\/post"}],"author":[{"embeddable":true,"href":"https:\/\/www.europesays.com\/pt\/wp-json\/wp\/v2\/users\/2"}],"replies":[{"embeddable":true,"href":"https:\/\/www.europesays.com\/pt\/wp-json\/wp\/v2\/comments?post=114562"}],"version-history":[{"count":0,"href":"https:\/\/www.europesays.com\/pt\/wp-json\/wp\/v2\/posts\/114562\/revisions"}],"wp:featuredmedia":[{"embeddable":true,"href":"https:\/\/www.europesays.com\/pt\/wp-json\/wp\/v2\/media\/114563"}],"wp:attachment":[{"href":"https:\/\/www.europesays.com\/pt\/wp-json\/wp\/v2\/media?parent=114562"}],"wp:term":[{"taxonomy":"category","embeddable":true,"href":"https:\/\/www.europesays.com\/pt\/wp-json\/wp\/v2\/categories?post=114562"},{"taxonomy":"post_tag","embeddable":true,"href":"https:\/\/www.europesays.com\/pt\/wp-json\/wp\/v2\/tags?post=114562"}],"curies":[{"name":"wp","href":"https:\/\/api.w.org\/{rel}","templated":true}]}}