{"id":114566,"date":"2025-10-17T11:56:12","date_gmt":"2025-10-17T11:56:12","guid":{"rendered":"https:\/\/www.europesays.com\/pt\/114566\/"},"modified":"2025-10-17T11:56:12","modified_gmt":"2025-10-17T11:56:12","slug":"matheus-reis-de-saida-do-sporting-confirmacao-pode-estar-iminente","status":"publish","type":"post","link":"https:\/\/www.europesays.com\/pt\/114566\/","title":{"rendered":"Matheus Reis de sa\u00edda do Sporting? &#8216;Confirma\u00e7\u00e3o&#8217; pode estar iminente"},"content":{"rendered":"<p>A vida de Matheus Reis no Sporting desde que a temporada 2025\/26 come\u00e7ou n\u00e3o tem vindo a ser nada f\u00e1cil no que ao tempo de jogo diz respeito. Entre a &#8216;sombra&#8217; dos companheiros de equipa nas laterais e a mudan\u00e7a de sistema por parte de Rui Borges, as raz\u00f5es para uma sa\u00edda de Alvalade estar ganham cada vez maior dimens\u00e3o.\u00a0<\/p>\n<p>No entanto, a decis\u00e3o poder\u00e1 ficar bem clara na partida deste s\u00e1bado, frente ao Pa\u00e7os de Ferreira, a contar para a terceira eliminat\u00f3ria da Ta\u00e7a de Portugal, j\u00e1 que uma n\u00e3o entrada em campo na Capital do M\u00f3vel significa que o defesa n\u00e3o entra mesmo para os planos do t\u00e9cnico leonino.<\/p>\n<p>A contrata\u00e7\u00e3o de mais um jogador para a sua posi\u00e7\u00e3o, no caso Ricardo Mangas, n\u00e3o ajudou, mas o maior &#8216;culpado&#8217; acaba por ser mesmo o treinador do Sporting, j\u00e1 que reduziu as hip\u00f3teses do brasileiro jogar ao passar de uma linha defensiva de cinco elementos para quatro.<\/p>\n<p>Quando na temporada passada havia uma linha de cinco jogadores, Matheus Reis podia fazer duas posi\u00e7\u00f5es no onze inicial: a de defesa-central \u00e0 esquerda e de ala esquerdo.<\/p>\n<p>Neste momento, com uma linha defensiva a quatro, e tendo dois jogadores muito acima na hierarquia que s\u00e3o Maxi Ara\u00fajo e Ricardo Mangas, n\u00e3o contando ainda com o regresso iminente de Nuno Santos aos relvados, o lateral do Sporting n\u00e3o tem espa\u00e7o para entrar em campo na posi\u00e7\u00e3o de lateral esquerdo e poder\u00e1 mesmo ver a sa\u00edda com bons olhos para n\u00e3o estagnar a sua carreira.<\/p>\n<p>                                                    <img decoding=\"async\" src=\"https:\/\/www.europesays.com\/pt\/wp-content\/uploads\/2025\/10\/naom_67d864e13f8ee.jpg\" border=\"0\" alt=\"A mensagem de Nuno Santos que pode indiciar mudan\u00e7as no futuro\"\/><\/p>\n<p>Esquerdino do Sporting colocou a imagem nas suas redes sociais que est\u00e1 a dar a entender que o regresso aos relvados pode estar perto de acontecer. Le\u00f5es come\u00e7aram prepara\u00e7\u00e3o para o Pa\u00e7os de Ferreira.<\/p>\n<p>                                                     Rodrigo Querido | 16:36 &#8211; 15\/10\/2025 <\/p>\n<p>Palmeiras poder\u00e1 voltar<\/p>\n<p>Uma sa\u00edda de Matheus Reis para o Brasil esteve prestes a acontecer quando um empr\u00e9stimo esteve a ser negociado no passado mercado de transfer\u00eancias de ver\u00e3o, que acabou por n\u00e3o acontecer, apesar de alguma vontade demonstrada pelo jogador do Sporting.<\/p>\n<p>Ainda assim, brasileiro poder\u00e1 ter novo trunfo para negociar com o emblema de S\u00e3o Paulo, j\u00e1 que o seu contrato termina j\u00e1 no final da presente temporada e poder\u00e1 assinar com qualquer clube a custo zero j\u00e1 em janeiro.<\/p>\n<p>                                                    <img decoding=\"async\" src=\"https:\/\/www.europesays.com\/pt\/wp-content\/uploads\/2025\/10\/naom_6871790d6ffe1.jpg\" border=\"0\" alt=\"Palmeiras desiste e deixa Matheus Reis cada vez mais perto... do Sporting\"\/><\/p>\n<p>Renova\u00e7\u00e3o de Joaqu\u00edn Piquerez retirou o lateral-esquerdo brasileiro da lista de compras de Abel Ferreira. Prioridade passa, agora, por contratar um substituto para&#8230; Richard R\u00edos, que partiu para o Benfica.<\/p>\n<p>                                                     Carlos Pereira Fernandes | 13:38 &#8211; 05\/08\/2025 <\/p>\n<p>No entanto, o di\u00e1logo de um poss\u00edvel neg\u00f3cio em agosto ter\u00e1 ca\u00eddo rapidamente por terra, em particular, depois de Joaqu\u00edn Piquerez, o &#8216;dono e senhor&#8217; do lado esquerdo da defesa do conjunto paulista, ter renovado contrato, at\u00e9 dezembro de 2030, eliminando a necessidade por uma alternativa.<\/p>\n<p>Ainda que a dire\u00e7\u00e3o liderada por Frederico Varandas tenha prometido n\u00e3o colocar grandes entraves \u00e0 eventual sa\u00edda do brasileiro, o facto de este auferir perto de 100 mil euros por m\u00eas tamb\u00e9m seria um valor complicado de alcan\u00e7ar por parte do Verd\u00e3o.<\/p>\n<p>Leia Tamb\u00e9m: <a href=\"https:\/\/www.noticiasaominuto.com\/desporto\/2872088\/rui-borges-chama-dois-jovens-ao-treino-do-sporting-para-pacos-de-ferreira\" target=\"_blank\" rel=\"noopener noreferrer nofollow\">Rui Borges chama dois jovens ao treino do Sporting para Pa\u00e7os de Ferreira<\/a><\/p>\n","protected":false},"excerpt":{"rendered":"A vida de Matheus Reis no Sporting desde que a temporada 2025\/26 come\u00e7ou n\u00e3o tem vindo a ser&hellip;\n","protected":false},"author":2,"featured_media":114567,"comment_status":"","ping_status":"","sticky":false,"template":"","format":"standard","meta":{"footnotes":""},"categories":[87],"tags":[135,32,33,134],"class_list":{"0":"post-114566","1":"post","2":"type-post","3":"status-publish","4":"format-standard","5":"has-post-thumbnail","7":"category-desporto","8":"tag-desporto","9":"tag-portugal","10":"tag-pt","11":"tag-sports"},"share_on_mastodon":{"url":"","error":""},"_links":{"self":[{"href":"https:\/\/www.europesays.com\/pt\/wp-json\/wp\/v2\/posts\/114566","targetHints":{"allow":["GET"]}}],"collection":[{"href":"https:\/\/www.europesays.com\/pt\/wp-json\/wp\/v2\/posts"}],"about":[{"href":"https:\/\/www.europesays.com\/pt\/wp-json\/wp\/v2\/types\/post"}],"author":[{"embeddable":true,"href":"https:\/\/www.europesays.com\/pt\/wp-json\/wp\/v2\/users\/2"}],"replies":[{"embeddable":true,"href":"https:\/\/www.europesays.com\/pt\/wp-json\/wp\/v2\/comments?post=114566"}],"version-history":[{"count":0,"href":"https:\/\/www.europesays.com\/pt\/wp-json\/wp\/v2\/posts\/114566\/revisions"}],"wp:featuredmedia":[{"embeddable":true,"href":"https:\/\/www.europesays.com\/pt\/wp-json\/wp\/v2\/media\/114567"}],"wp:attachment":[{"href":"https:\/\/www.europesays.com\/pt\/wp-json\/wp\/v2\/media?parent=114566"}],"wp:term":[{"taxonomy":"category","embeddable":true,"href":"https:\/\/www.europesays.com\/pt\/wp-json\/wp\/v2\/categories?post=114566"},{"taxonomy":"post_tag","embeddable":true,"href":"https:\/\/www.europesays.com\/pt\/wp-json\/wp\/v2\/tags?post=114566"}],"curies":[{"name":"wp","href":"https:\/\/api.w.org\/{rel}","templated":true}]}}