{"id":114599,"date":"2025-10-17T12:21:09","date_gmt":"2025-10-17T12:21:09","guid":{"rendered":"https:\/\/www.europesays.com\/pt\/114599\/"},"modified":"2025-10-17T12:21:09","modified_gmt":"2025-10-17T12:21:09","slug":"discussao-nunca-antes-vista-zanga-de-marisa-e-pedro-jorge-abala-marta-cardoso-ate-estou-a-tremer-secret-story","status":"publish","type":"post","link":"https:\/\/www.europesays.com\/pt\/114599\/","title":{"rendered":"Discuss\u00e3o nunca antes vista! Zanga de Marisa e Pedro Jorge abala Marta Cardoso: \u00abAt\u00e9 estou a tremer\u00bb &#8211; Secret Story"},"content":{"rendered":"<p>No <strong>Secret Story 9<\/strong>, Marisa e Pedro Jorge vivem discuss\u00e3o nunca antes vista! No centro da situa\u00e7\u00e3o, estiveram ci\u00fames que abalaram os dois concorrentes, acabando o casal por ficar de costas voltadas. Chegaram mesmo a elevar o tom um com o outro, na sala completamente vazia, e foi por um triz que n\u00e3o comprometeram os segredos de ambos.<\/p>\n<p><strong>J\u00e1 pode votar para salvar o seu concorrente favorito:<\/strong><\/p>\n<p><strong>ANA CRISTINA \u2013 761 20 20 02<br \/>BRUNA \u2013 761 20 20 03<br \/>DYLAN \u2013 761 20 20 07<br \/>JOANA \u2013 761 20 20 11<br \/>MARISA SUSANA \u2013 761 20 20 17<\/strong><\/p>\n<p><a href=\"https:\/\/tvi.iol.pt\/secretstory\/aominuto\" rel=\"nofollow noopener\" target=\"_blank\">Acompanhe tudo ao minuto<\/a><\/p>\n","protected":false},"excerpt":{"rendered":"No Secret Story 9, Marisa e Pedro Jorge vivem discuss\u00e3o nunca antes vista! No centro da situa\u00e7\u00e3o, estiveram&hellip;\n","protected":false},"author":2,"featured_media":114600,"comment_status":"","ping_status":"","sticky":false,"template":"","format":"standard","meta":{"footnotes":""},"categories":[142],"tags":[19374,19373,114,115,19184,19019,21416,19375,32,33,151],"class_list":{"0":"post-114599","1":"post","2":"type-post","3":"status-publish","4":"format-standard","5":"has-post-thumbnail","7":"category-tv","8":"tag-confrontos-concorrentes","9":"tag-discussoes-secret-story","10":"tag-entertainment","11":"tag-entretenimento","12":"tag-marisa","13":"tag-marta-cardoso","14":"tag-pedro-jorge","15":"tag-polemicas","16":"tag-portugal","17":"tag-pt","18":"tag-tv"},"share_on_mastodon":{"url":"","error":""},"_links":{"self":[{"href":"https:\/\/www.europesays.com\/pt\/wp-json\/wp\/v2\/posts\/114599","targetHints":{"allow":["GET"]}}],"collection":[{"href":"https:\/\/www.europesays.com\/pt\/wp-json\/wp\/v2\/posts"}],"about":[{"href":"https:\/\/www.europesays.com\/pt\/wp-json\/wp\/v2\/types\/post"}],"author":[{"embeddable":true,"href":"https:\/\/www.europesays.com\/pt\/wp-json\/wp\/v2\/users\/2"}],"replies":[{"embeddable":true,"href":"https:\/\/www.europesays.com\/pt\/wp-json\/wp\/v2\/comments?post=114599"}],"version-history":[{"count":0,"href":"https:\/\/www.europesays.com\/pt\/wp-json\/wp\/v2\/posts\/114599\/revisions"}],"wp:featuredmedia":[{"embeddable":true,"href":"https:\/\/www.europesays.com\/pt\/wp-json\/wp\/v2\/media\/114600"}],"wp:attachment":[{"href":"https:\/\/www.europesays.com\/pt\/wp-json\/wp\/v2\/media?parent=114599"}],"wp:term":[{"taxonomy":"category","embeddable":true,"href":"https:\/\/www.europesays.com\/pt\/wp-json\/wp\/v2\/categories?post=114599"},{"taxonomy":"post_tag","embeddable":true,"href":"https:\/\/www.europesays.com\/pt\/wp-json\/wp\/v2\/tags?post=114599"}],"curies":[{"name":"wp","href":"https:\/\/api.w.org\/{rel}","templated":true}]}}