{"id":114603,"date":"2025-10-17T12:24:27","date_gmt":"2025-10-17T12:24:27","guid":{"rendered":"https:\/\/www.europesays.com\/pt\/114603\/"},"modified":"2025-10-17T12:24:27","modified_gmt":"2025-10-17T12:24:27","slug":"um-abraco-especial-site-oficial-do-sport-lisboa-e-benfica","status":"publish","type":"post","link":"https:\/\/www.europesays.com\/pt\/114603\/","title":{"rendered":"Um abra\u00e7o especial&#8230; &#8211; Site Oficial do Sport Lisboa e Benfica"},"content":{"rendered":"<ol>\n<li><a href=\"https:\/\/news.google.com\/rss\/articles\/CBMi-gFBVV95cUxOUFBZSkhzelozd1JCYy1PVUFVeUpvMFUtRW9EMlh4Zng3cEc1bUJ4Q1NKcW8zVGhjSmo1MEQzVTZjR2FleE1zNG9uakc3TWZKY1Y3SS12cjhnNjNuVVlRWFpvN0MzVGNKNGpNRTAweTVvekg3UjVZMHRIMjdPZ2dWY3dZdTFsQmxKd3JnaGpzd2o4TW1xTVVuS291bEFEclRZMVdxOTdPN0dobUN5dWxtbGctQlFYaUp0WEdUYmdsN0t2WEVxSk15Q2RMR0dDMWpvV280V0xQN0VUd2k1dll3VHhjelRvWkdadUl2NGlscm9WTWIzVk1PYVp3?oc=5\" target=\"_blank\" rel=\"nofollow noopener\">Um abra\u00e7o especial&#8230;<\/a>&nbsp;&nbsp;Site Oficial do Sport Lisboa e Benfica<\/li>\n<li><a href=\"https:\/\/news.google.com\/rss\/articles\/CBMi2AFBVV95cUxNTi03SGlhc0RuWnVKYnFsMlF0LTVjQ2pwTUItbExQdDY0aEEtTWE4RUdQcjNINDJJZ3NKU3h2QTdiandGRUF5NmdZT3g1TzlXZWE4a2otTmZNU3FGUE9JdVNSVENiYXNTQlRoeWp4LUZXLTY3MmdJd0RuWGJtTzZDS0JXRW4wWDBzQ0dzZ1VRWUdHaGZUaHRQOFk4OW50QktIMXhjQy1ENmJ4ZkxleGlLUlJVYWxNdVBYeTF4UlA5cUk3REp4Vk81UGpLX2ZGTkZibFNJTWVVNDA?oc=5\" target=\"_blank\" rel=\"nofollow noopener\">Benfica j\u00e1 est\u00e1 em Tr\u00e1s-os-Montes, depois de um abra\u00e7o especial no Porto<\/a>&nbsp;&nbsp;Flashscore.pt<\/li>\n<li><a href=\"https:\/\/news.google.com\/rss\/articles\/CBMi2gFBVV95cUxOY19Oemw2MFQyUGpQVXdXVlJSbGl2cDMzRHE0T2RzOXpHbkthQTJkU0RLTDRxb1hEVElscWwzYmRhU3NraDhNLVBkTGZFaWhxRENLdGRfUmtGVGt4TmlON2dORG0wZzV4NUlRdDZHUnBWVXl3RjNxVmVTd2xoTGRDYU1iRjZNSWI5M2hRMGlMZVRUT1Z0eHd5N3Q1bDU3X1ZLa0pwaFUzTVVsdzVYMkxicktSeWdsb3U4VTNkNFR5blZTM3Q1SHljWFFuYmJjZGh3ekdjSi1qdkRWUQ?oc=5\" target=\"_blank\" rel=\"nofollow noopener\">Benfica j\u00e1 est\u00e1 em Tr\u00e1s-os-Montes<\/a>&nbsp;&nbsp;Site Oficial do Sport Lisboa e Benfica<\/li>\n<li><a href=\"https:\/\/news.google.com\/rss\/articles\/CBMiuAFBVV95cUxPalpRODNYTmVhSkhjS0FiVXZsTFlYV0JWSTVHaVpZLWd4UldTdmtnamJmb0hOOGNDTmFSUkY0R215QUlvem0zQTRxYUlvWVNnOVNuWlhGck9EUGFGeEtzc1liUW5tWFZyREJ1Q0xtb0lRblNsOEdwWGNkNncxT3lJWWV3Qnl1bGNYTW1IODRrZjg2WnlvZjktcXpIRF9OT3JDaC1hVzZjNXIyblpIRWdzaWN3V3J0SERL?oc=5\" target=\"_blank\" rel=\"nofollow noopener\">Benfica partilha chegada ao hotel em Chaves, com Mourinho bem disposto<\/a>&nbsp;&nbsp;SAPO<\/li>\n<li><a href=\"https:\/\/news.google.com\/rss\/articles\/CBMi1gFBVV95cUxQODhjZi1qY21xUEVieE9Xczktbjh0eEl6ZmtGYjRfSlNPemFZMmpHbmpodWJXNjMtR3Nwem5CLTVWVVk4dkllYkN2S1hwYTBrZEhzRERJdWRDc2gyYklKSjYwWkJtc2hDMkY2N3B4SENYOUY5LUlVQmRHY0pKLWV6cjg1dV9TbjVhb2xkV25nVHRIRGVIY3ZLekNqX1VjTTUyLWg2OHNZY0lKbUdoN3Z5SjNQYkxKOEx3aTdGbklIZ3J0VzlEY3BzZjAtSTUteGR1cVZGenNR?oc=5\" target=\"_blank\" rel=\"nofollow noopener\">\u00abAlgum gajo escondeu o envelope. Dormes com o Leandro Santos\u00bb: Mourinho e a partida a Ivan Lima<\/a>&nbsp;&nbsp;Record<\/li>\n<\/ol>\n","protected":false},"excerpt":{"rendered":"Um abra\u00e7o especial&#8230;&nbsp;&nbsp;Site Oficial do Sport Lisboa e Benfica Benfica j\u00e1 est\u00e1 em Tr\u00e1s-os-Montes, depois de um abra\u00e7o&hellip;\n","protected":false},"author":2,"featured_media":113901,"comment_status":"","ping_status":"","sticky":false,"template":"","format":"standard","meta":{"footnotes":""},"categories":[87],"tags":[135,32,33,134],"class_list":{"0":"post-114603","1":"post","2":"type-post","3":"status-publish","4":"format-standard","5":"has-post-thumbnail","7":"category-desporto","8":"tag-desporto","9":"tag-portugal","10":"tag-pt","11":"tag-sports"},"share_on_mastodon":{"url":"","error":""},"_links":{"self":[{"href":"https:\/\/www.europesays.com\/pt\/wp-json\/wp\/v2\/posts\/114603","targetHints":{"allow":["GET"]}}],"collection":[{"href":"https:\/\/www.europesays.com\/pt\/wp-json\/wp\/v2\/posts"}],"about":[{"href":"https:\/\/www.europesays.com\/pt\/wp-json\/wp\/v2\/types\/post"}],"author":[{"embeddable":true,"href":"https:\/\/www.europesays.com\/pt\/wp-json\/wp\/v2\/users\/2"}],"replies":[{"embeddable":true,"href":"https:\/\/www.europesays.com\/pt\/wp-json\/wp\/v2\/comments?post=114603"}],"version-history":[{"count":0,"href":"https:\/\/www.europesays.com\/pt\/wp-json\/wp\/v2\/posts\/114603\/revisions"}],"wp:featuredmedia":[{"embeddable":true,"href":"https:\/\/www.europesays.com\/pt\/wp-json\/wp\/v2\/media\/113901"}],"wp:attachment":[{"href":"https:\/\/www.europesays.com\/pt\/wp-json\/wp\/v2\/media?parent=114603"}],"wp:term":[{"taxonomy":"category","embeddable":true,"href":"https:\/\/www.europesays.com\/pt\/wp-json\/wp\/v2\/categories?post=114603"},{"taxonomy":"post_tag","embeddable":true,"href":"https:\/\/www.europesays.com\/pt\/wp-json\/wp\/v2\/tags?post=114603"}],"curies":[{"name":"wp","href":"https:\/\/api.w.org\/{rel}","templated":true}]}}