{"id":114606,"date":"2025-10-17T12:26:17","date_gmt":"2025-10-17T12:26:17","guid":{"rendered":"https:\/\/www.europesays.com\/pt\/114606\/"},"modified":"2025-10-17T12:26:17","modified_gmt":"2025-10-17T12:26:17","slug":"brigitte-bardot-hospitalizada-em-estado-grave","status":"publish","type":"post","link":"https:\/\/www.europesays.com\/pt\/114606\/","title":{"rendered":"Brigitte Bardot hospitalizada em estado grave"},"content":{"rendered":"<p>\t                Atriz francesa tem 91 anos<\/p>\n<p>A atriz francesa Brigitte Bardot, de 91 anos, est\u00e1 internada h\u00e1 cerca de tr\u00eas semanas no hospital privado Saint-Jean de Toulon, no sul de Fran\u00e7a, depois de ter sido submetida a uma interven\u00e7\u00e3o cir\u00fargica relacionada com uma doen\u00e7a grave, <a href=\"https:\/\/www.lefigaro.fr\/culture\/brigitte-bardot-hospitalisee-a-toulon-depuis-plusieurs-semaines-20251017\" target=\"_blank\" rel=\"nofollow noopener\">segundo avan\u00e7a o Le Figaro<\/a>.<\/p>\n<p>O jornal adianta ainda que o estado de sa\u00fade da antiga estrela do cinema \u00e9 descrito como preocupante, apesar de Bardot estar a recuperar bem e os m\u00e9dicos estarem otimistas quanto \u00e0 sua recupera\u00e7\u00e3o.<\/p>\n<p>Figura lend\u00e1ria do cinema franc\u00eas das d\u00e9cadas de 1950 e 1960 e \u00edcone mundial da defesa dos animais, Bardot vive h\u00e1 v\u00e1rios anos retirada da vida p\u00fablica na sua propriedade em Saint-Tropez.<\/p>\n<p>Com uma carreira de 45 filmes e mais de 70 can\u00e7\u00f5es em 21 anos, Brigitte Bardot \u00e9 considerada um dos maiores s\u00edmbolos do cinema franc\u00eas.<\/p>\n","protected":false},"excerpt":{"rendered":"Atriz francesa tem 91 anos A atriz francesa Brigitte Bardot, de 91 anos, est\u00e1 internada h\u00e1 cerca de&hellip;\n","protected":false},"author":2,"featured_media":114607,"comment_status":"","ping_status":"","sticky":false,"template":"","format":"standard","meta":{"footnotes":""},"categories":[85],"tags":[609,611,1753,27,23212,470,607,608,315,3144,610,114,115,870,23244,570,170,150,13,5750,32,33,941,2387,29],"class_list":{"0":"post-114606","1":"post","2":"type-post","3":"status-publish","4":"format-standard","5":"has-post-thumbnail","7":"category-entretenimento","8":"tag-alerta","9":"tag-ao-minuto","10":"tag-artes","11":"tag-breaking-news","12":"tag-brigitte-bardot","13":"tag-cinema","14":"tag-cnn","15":"tag-cnn-portugal","16":"tag-cultura","17":"tag-danca","18":"tag-direto","19":"tag-entertainment","20":"tag-entretenimento","21":"tag-eventos","22":"tag-internada","23":"tag-live","24":"tag-livros","25":"tag-musica","26":"tag-noticias","27":"tag-operacao","28":"tag-portugal","29":"tag-pt","30":"tag-series","31":"tag-teatro","32":"tag-ultimas"},"share_on_mastodon":{"url":"","error":""},"_links":{"self":[{"href":"https:\/\/www.europesays.com\/pt\/wp-json\/wp\/v2\/posts\/114606","targetHints":{"allow":["GET"]}}],"collection":[{"href":"https:\/\/www.europesays.com\/pt\/wp-json\/wp\/v2\/posts"}],"about":[{"href":"https:\/\/www.europesays.com\/pt\/wp-json\/wp\/v2\/types\/post"}],"author":[{"embeddable":true,"href":"https:\/\/www.europesays.com\/pt\/wp-json\/wp\/v2\/users\/2"}],"replies":[{"embeddable":true,"href":"https:\/\/www.europesays.com\/pt\/wp-json\/wp\/v2\/comments?post=114606"}],"version-history":[{"count":0,"href":"https:\/\/www.europesays.com\/pt\/wp-json\/wp\/v2\/posts\/114606\/revisions"}],"wp:featuredmedia":[{"embeddable":true,"href":"https:\/\/www.europesays.com\/pt\/wp-json\/wp\/v2\/media\/114607"}],"wp:attachment":[{"href":"https:\/\/www.europesays.com\/pt\/wp-json\/wp\/v2\/media?parent=114606"}],"wp:term":[{"taxonomy":"category","embeddable":true,"href":"https:\/\/www.europesays.com\/pt\/wp-json\/wp\/v2\/categories?post=114606"},{"taxonomy":"post_tag","embeddable":true,"href":"https:\/\/www.europesays.com\/pt\/wp-json\/wp\/v2\/tags?post=114606"}],"curies":[{"name":"wp","href":"https:\/\/api.w.org\/{rel}","templated":true}]}}