{"id":114618,"date":"2025-10-17T12:40:08","date_gmt":"2025-10-17T12:40:08","guid":{"rendered":"https:\/\/www.europesays.com\/pt\/114618\/"},"modified":"2025-10-17T12:40:08","modified_gmt":"2025-10-17T12:40:08","slug":"celio-turino-lanca-o-livro-sementeira-em-atibaia-o-atibaiense","status":"publish","type":"post","link":"https:\/\/www.europesays.com\/pt\/114618\/","title":{"rendered":"C\u00e9lio Turino lan\u00e7a o livro \u201cSementeira\u201d em Atibaia \u2013 O Atibaiense"},"content":{"rendered":"<p><strong>O livro aborda temas como intelig\u00eancia artificial, manipula\u00e7\u00e3o algor\u00edtmica, rela\u00e7\u00f5es entre cultura, educa\u00e7\u00e3o e arte, comunica\u00e7\u00e3o e audiovisual, trabalho cultural e os riscos da excessiva depend\u00eancia de editais.<\/strong><\/p>\n<p>\u00a0<\/p>\n<p><a data-bid=\"1\" href=\"https:\/\/site.oatibaiense.com.br\/linkout\/34575\" rel=\"nofollow noopener\" target=\"_blank\"><img loading=\"lazy\" decoding=\"async\" width=\"1700\" height=\"1700\" src=\"https:\/\/www.europesays.com\/pt\/wp-content\/uploads\/2025\/10\/Pop-up-1700x1700-Festa-Alema.png\" alt=\"\"  \/><\/a><\/p>\n<p>\u00a0<\/p>\n<p>No pr\u00f3ximo dia 25 de outubro, o historiador C\u00e9lio Turino estar\u00e1 em Atibaia para o lan\u00e7amento de seu livro, \u201cSementeira\u201d, em evento promovido pelo Instituto de Arte e Cultura Garatuja. Figura central na hist\u00f3ria das pol\u00edticas culturais brasileiras, C\u00e9lio Turino \u00e9 historiador e idealizador dos Pontos de Cultura, iniciativa que marcou profundamente a rela\u00e7\u00e3o entre Estado e sociedade civil na \u00e1rea cultural.<br \/>Durante sua gest\u00e3o como secret\u00e1rio da Cidadania Cultural do Minist\u00e9rio da Cultura (2004\u20132010), foi respons\u00e1vel pela implanta\u00e7\u00e3o do Programa Cultura Viva, que se tornou refer\u00eancia nacional e internacional. Em Sementeira, o autor prop\u00f5e uma reflex\u00e3o contempor\u00e2nea sobre os desafios que envolvem a cultura e a sociedade.<br \/>O livro aborda temas como intelig\u00eancia artificial, manipula\u00e7\u00e3o algor\u00edtmica, rela\u00e7\u00f5es entre cultura, educa\u00e7\u00e3o e arte, comunica\u00e7\u00e3o e audiovisual, trabalho cultural e os riscos da excessiva depend\u00eancia de editais, apontando caminhos para preservar a autonomia e o protagonismo dos agentes culturais.<br \/>Mais do que um lan\u00e7amento, o evento \u00e9 um encontro de reconhecimento e celebra\u00e7\u00e3o. Para os artistas, gestores e agentes culturais de Atibaia e regi\u00e3o, a presen\u00e7a de C\u00e9lio Turino representa uma oportunidade rara de di\u00e1logo com quem idealizou uma das pol\u00edticas culturais mais transformadoras do pa\u00eds. Em seu release oficial, o livro \u00e9 apresentado da seguinte forma: \u201cCom m\u00e3os calejadas de um agricultor da cultura, C\u00e9lio Turino nos convida a adentrar um universo onde pol\u00edtica e cultura se entrela\u00e7am como ra\u00edzes de uma \u00e1rvore antiga. Sementeira: gr\u00e3os para transformar radicalmente a sociedade via pol\u00edticas culturais distribui sementes densas e ricas, onde cada gr\u00e3o representa ideias, conceitos e experi\u00eancias voltadas para germinar uma nova forma de compreender e vivenciar a pol\u00edtica cultural.\u201dAl\u00e9m de Sementeira, C\u00e9lio Turino \u00e9 autor de diversas obras, entre elas Por todos os Caminhos: Pontos de Cultura na Am\u00e9rica Latina (SESC, 2020). Desde 2011, percorre a Am\u00e9rica Latina difundindo as ideias da Cultura Viva e do Bem Viver, reafirmando o papel da cultura como for\u00e7a transformadora da sociedade.<\/p>\n<p>Servi\u00e7o<br \/>Lan\u00e7amento do livro \u201cSementeira\u201d, de C\u00e9lio Turino<br \/>Dia 25 de outubro de 2025, \u00e0s 16h<br \/>No Instituto de Arte e Cultura Garatuja<br \/>Rua Esmeraldo Tarqu\u00ednio, 346 \u2013 Jardim Tapaj\u00f3s \u2013 Atibaia \u2013 SP<\/p>\n","protected":false},"excerpt":{"rendered":"O livro aborda temas como intelig\u00eancia artificial, manipula\u00e7\u00e3o algor\u00edtmica, rela\u00e7\u00f5es entre cultura, educa\u00e7\u00e3o e arte, comunica\u00e7\u00e3o e audiovisual,&hellip;\n","protected":false},"author":2,"featured_media":114619,"comment_status":"","ping_status":"","sticky":false,"template":"","format":"standard","meta":{"footnotes":""},"categories":[143],"tags":[169,114,115,170,32,33],"class_list":{"0":"post-114618","1":"post","2":"type-post","3":"status-publish","4":"format-standard","5":"has-post-thumbnail","7":"category-livros","8":"tag-books","9":"tag-entertainment","10":"tag-entretenimento","11":"tag-livros","12":"tag-portugal","13":"tag-pt"},"share_on_mastodon":{"url":"","error":""},"_links":{"self":[{"href":"https:\/\/www.europesays.com\/pt\/wp-json\/wp\/v2\/posts\/114618","targetHints":{"allow":["GET"]}}],"collection":[{"href":"https:\/\/www.europesays.com\/pt\/wp-json\/wp\/v2\/posts"}],"about":[{"href":"https:\/\/www.europesays.com\/pt\/wp-json\/wp\/v2\/types\/post"}],"author":[{"embeddable":true,"href":"https:\/\/www.europesays.com\/pt\/wp-json\/wp\/v2\/users\/2"}],"replies":[{"embeddable":true,"href":"https:\/\/www.europesays.com\/pt\/wp-json\/wp\/v2\/comments?post=114618"}],"version-history":[{"count":0,"href":"https:\/\/www.europesays.com\/pt\/wp-json\/wp\/v2\/posts\/114618\/revisions"}],"wp:featuredmedia":[{"embeddable":true,"href":"https:\/\/www.europesays.com\/pt\/wp-json\/wp\/v2\/media\/114619"}],"wp:attachment":[{"href":"https:\/\/www.europesays.com\/pt\/wp-json\/wp\/v2\/media?parent=114618"}],"wp:term":[{"taxonomy":"category","embeddable":true,"href":"https:\/\/www.europesays.com\/pt\/wp-json\/wp\/v2\/categories?post=114618"},{"taxonomy":"post_tag","embeddable":true,"href":"https:\/\/www.europesays.com\/pt\/wp-json\/wp\/v2\/tags?post=114618"}],"curies":[{"name":"wp","href":"https:\/\/api.w.org\/{rel}","templated":true}]}}