{"id":114623,"date":"2025-10-17T12:45:15","date_gmt":"2025-10-17T12:45:15","guid":{"rendered":"https:\/\/www.europesays.com\/pt\/114623\/"},"modified":"2025-10-17T12:45:15","modified_gmt":"2025-10-17T12:45:15","slug":"da-junta-de-freguesia-para-a-taca-o-jogador-presidente-que-vai-defrontar-o-avs","status":"publish","type":"post","link":"https:\/\/www.europesays.com\/pt\/114623\/","title":{"rendered":"Da junta de freguesia para a Ta\u00e7a: o jogador-presidente que vai defrontar o AVS"},"content":{"rendered":"<p style=\"text-align:justify; margin-bottom:11px\"><strong>* Por Arm\u00e9nio Pereira<\/strong><\/p>\n<p>A Associa\u00e7\u00e3o Desportiva de Fornos de Algodres, que lidera o campeonato da 1.\u00aa Divis\u00e3o Distrital da Associa\u00e7\u00e3o de Futebol da Guarda, recebe no pr\u00f3ximo s\u00e1bado (15h00) o AVS, da Liga.<\/p>\n<p>O jogo \u00e9 a contar para a terceira eliminat\u00f3ria da Ta\u00e7a de Portugal, depois de ter eliminado o Charneca da Caparica, da Associa\u00e7\u00e3o de Futebol de Set\u00fabal, tamb\u00e9m em casa, com uma vit\u00f3ria por 3-1. Na primeira ronda ficou isenta.<\/p>\n<p>Agora, a fasquia est\u00e1 mais alta, o grau de dificuldade aumentou consideravelmente, mas a Ta\u00e7a de Portugal \u00e9 pr\u00f3diga em surpresas e num jogo de futebol tudo pode acontecer.<\/p>\n<p>Em Fornos de Algodres o sonho acalenta a vida, s\u00f3 assim se explica que pelo clube tenham passado nomes como Bosingwa, Candeias, Rui Miguel e Luisinho, que neste momento em final de carreira ainda \u00e9 figura de proa no clube da terra onde nasceu.<\/p>\n<p>O extremo de 35 anos de idade descobriu a veia goleadora como ainda aconteceu no \u00faltimo jogo do campeonato ao apontar os quatro golos com que a sua equipa superou o Sporting da M\u00eada. Os restantes tiveram passagens por alguns dos principais clubes em Portugal, com destaque para Jos\u00e9 Bosingwa, que foi campe\u00e3o europeu no FC Porto.<\/p>\n<p>\u00c9 com esta inspira\u00e7\u00e3o que os dados se apresentam no Est\u00e1dio Municipal de Fornos de Algodres, com capacidade para 1700 espetadores, quando as duas equipas entrarem em campo e medirem for\u00e7as na prova rainha. Um confronto que \u00e9 uma esp\u00e9cie de David contra Golias e em que os intervenientes dar\u00e3o tudo para desafiar os seus limites. Fazer das fraquezas for\u00e7as e tentar que este n\u00e3o seja apenas mais um jogo, mas sim, uma prova de supera\u00e7\u00e3o, especialmente para aquele que \u00e9 em teoria mais fraco.<\/p>\n<p> Jogador, presidente do clube e\u2026 presidente da junta de freguesia <\/p>\n<p>E, se d\u00favidas existem sobre se isso pode ser uma motiva\u00e7\u00e3o extra para o jogo de s\u00e1bado, basta olhar para o exemplo do presidente do clube.<\/p>\n<p>Bruno Costa, al\u00e9m de ser o principal respons\u00e1vel do emblema fundado a 1 de junho de 1970, \u00e9 tamb\u00e9m jogador. Em campo \u00e9 tudo aquilo que representa fora dele. Um avan\u00e7ado de 38 anos de idade que comanda os companheiros no assalto \u00e0s balizas advers\u00e1rias. E que, curiosamente, tamb\u00e9m \u00e9 presidente da Junta de Freguesia de Fornos de Algodres. Foi reeleito nas aut\u00e1rquicas do passado domingo, pelo PS, para o segundo mandato \u00e0 frente dos destinos da sua terra. \u00c9 autarca h\u00e1 nove anos: primeiro foi secret\u00e1rio num mandato e depois fez outro como presidente. Agora, tem mais quatro anos pela frente para marcar o futuro da freguesia.<\/p>\n<p>O clube serve na perfei\u00e7\u00e3o para refor\u00e7ar a identidade local e vincar a pr\u00e1tica desportiva. Os dois pap\u00e9is assentam que nem uma luva a Bruno Costa, que n\u00e3o prescinde de ser o timoneiro de dois projetos distintos, mas convergentes e que possam dotar os fornenses de melhor qualidade de vida.<\/p>\n<p>Quem n\u00e3o acredita em homens providenciais n\u00e3o consegue ver nele um bom exemplo. Na realidade, por vezes parece que h\u00e1 uns que conseguem alcan\u00e7ar aquilo que outros nem tentam. No ano em que o clube comemora os seus 55 anos, a melhor prenda seria conseguir vencer o AVS no s\u00e1bado e seguir em frente na Ta\u00e7a de Portugal.<\/p>\n<p>Presidente e jogador h\u00e1 11 anos, Bruno Costa, esteve quase sempre ao servi\u00e7o da AD Fornos de Algodres, \u00e0 exce\u00e7\u00e3o de quando o clube subiu \u00e0 antiga 2.\u00aa Divis\u00e3o B, mas n\u00e3o p\u00f4de continuar, por incapacidade financeira. Ent\u00e3o passou pelo Trancoso e Gouveia. \u00a0Quando reentrou nos quadros competitivos da Associa\u00e7\u00e3o de Futebol da Guarda, o jogador voltou tamb\u00e9m para se tornar presidente.<\/p>\n<p>A rece\u00e7\u00e3o de s\u00e1bado ao AVS significa muito. \u00ab\u00c9 o jogo mais importante para o nosso concelho, para a nossa freguesia e, naturalmente, para o clube. \u00c9 uma equipa profissional, da Liga. J\u00e1 t\u00ednhamos jogado com uma equipa da Liga \u2013 o Amora \u2013 mas fora, em 1980, numa equipa treinada por F\u00e9lix Mourinho pai de Jos\u00e9 Mourinho\u00bb, lembra, ao Maisfutebol.<\/p>\n<p>Esta \u00e9 a quinta vez que AD Fornos de Algodres passa \u00e0 terceira eliminat\u00f3ria da Ta\u00e7a de Portugal. Desta vez o advers\u00e1rio \u00e9 de outra dimens\u00e3o, mas nem por isso o discurso deixa de ser otimista: \u00abTemos um por cento de probabilidades, que \u00e9 um por cento de esperan\u00e7a\u00bb.<\/p>\n<p>O primeiro lugar que ocupa na 1.\u00aa Divis\u00e3o Distrital da Associa\u00e7\u00e3o de Futebol da Guarda ajuda alimentar o sonho, porque tamb\u00e9m h\u00e1 um legado que tem de ser defendido. Como um dos clubes com maior representatividade luta sempre para ser campe\u00e3o e subir aos campeonatos nacionais.<\/p>\n<p> O ex-jogador que dedicou a vida ao associativismo \u00a0 <\/p>\n<p>Com 65 anos de vida e 50 de dirigente associativo, Paulo Menano foi atleta e dirigente da Associa\u00e7\u00e3o Desportiva de Fornos de Algodres. Come\u00e7ou a jogar com 16 anos \u2013 1.\u00aa inscri\u00e7\u00e3o na A.F. da Guarda na \u00e9poca 1976\/1977 \u2013 nas equipas de forma\u00e7\u00e3o do clube, fazendo parte da equipa campe\u00e3 distrital de seniores na long\u00ednqua \u00e9poca 1978\/79. Participou em duas \u00e9pocas pelo clube no ent\u00e3o Campeonato Nacional da 3.\u00aa Divis\u00e3o Nacional. Nestas duas \u00e9pocas, o Fornos de Algodres chegou \u00e0 terceira eliminat\u00f3ria da Ta\u00e7a.<img loading=\"lazy\" decoding=\"async\" alt=\"\" height=\"732\" src=\"https:\/\/www.europesays.com\/pt\/wp-content\/uploads\/2025\/10\/68f12e9ed34e58bc6796f96c.webp\" width=\"754\"\/><\/p>\n<p>\u00abNa temporada de 1979\/80, cheg\u00e1mos \u00e0 terceira eliminat\u00f3ria ao deslocarmo-nos ao Torreense e sa\u00edmos derrotados por 3-1. Fomos repescados e volt\u00e1mos a jogar fora de portas diante do Torres Novas. Vencemos por 2-1, num jogo eletrizante. Na terceira ronda, com uma desloca\u00e7\u00e3o a Mirandela fomos derrotados por 5-1\u00bb, recorda.<\/p>\n<p>Na \u00e9poca 1980\/81, a turma fornense defrontou o Sp. Covilh\u00e3, perdendo por 2-1, mas foi novamente repescado e venceu o Nisa e Benfica por 2-1. Depois, veio o jogo hist\u00f3rico na Medideira perante o Amora, na \u00e9poca no primeiro escal\u00e3o, onde pontificavam Victor Baptista e Diamantino, antigas gl\u00f3rias do Benfica, treinados por F\u00e9lix Mourinho. \u00abEstivemos a vencer por 2-1 e sa\u00edmos derrotados por 4-2. Eu marquei o segundo golo do Fornos de Algodres\u2026\u00bb.<\/p>\n<p>Mais recentemente, na temporada 1999\/00 e j\u00e1 nas fun\u00e7\u00f5es de diretor desportivo, Paulo Menano viu o clube alcan\u00e7ar a passagem \u00e0 eliminat\u00f3ria seguinte, eliminando o Estarreja, por 2-0, fora de portas. Seguiu-se o Tourizense, com empate no primeiro jogo em Touriz e vit\u00f3ria do Fornos de Algodres no segundo jogo, por 2-0. Na terceira eliminat\u00f3ria houve desloca\u00e7\u00e3o \u00e0 Serra da Estrela para defrontar, no Est\u00e1dio Santos Pinto, o Sp. Covilh\u00e3. \u00abFomos derrotados por 3-0, sob a orienta\u00e7\u00e3o de V\u00edtor Tejo. Quer como jogador e depois como diretor desportivo, estive em alguns dos melhores momentos da Associa\u00e7\u00e3o Desportiva de Fornos de Algodres\u00bb.<\/p>\n<p>Anualmente, Paulo Menano tem estado ligado a v\u00e1rias institui\u00e7\u00f5es do distrito da Guarda e, al\u00e9m de ser dirigente associativo pro bono, \u00e9 empres\u00e1rio na \u00e1rea do turismo, restaura\u00e7\u00e3o e comunica\u00e7\u00e3o social. Neste momento \u00e9 diretor do Jornal Mais Beiras Informa\u00e7\u00e3o.<img loading=\"lazy\" decoding=\"async\" alt=\"\" height=\"1140\" src=\"https:\/\/www.europesays.com\/pt\/wp-content\/uploads\/2025\/10\/68f12e9ed34ee0c2fed15625.webp\" width=\"1807\"\/><\/p>\n","protected":false},"excerpt":{"rendered":"* Por Arm\u00e9nio Pereira A Associa\u00e7\u00e3o Desportiva de Fornos de Algodres, que lidera o campeonato da 1.\u00aa Divis\u00e3o&hellip;\n","protected":false},"author":2,"featured_media":114624,"comment_status":"","ping_status":"","sticky":false,"template":"","format":"standard","meta":{"footnotes":""},"categories":[87],"tags":[26919,10126,1846,135,26920,46,32,33,47,679,26921,134,2690,3142,13676],"class_list":{"0":"post-114623","1":"post","2":"type-post","3":"status-publish","4":"format-standard","5":"has-post-thumbnail","7":"category-desporto","8":"tag-ad-fornos-de-algodres","9":"tag-avs","10":"tag-avs-sad","11":"tag-desporto","12":"tag-fornos-de-algodres","13":"tag-maisfutebol","14":"tag-portugal","15":"tag-pt","16":"tag-pura-paixao","17":"tag-reportagem","18":"tag-reportagem-maisfutebol","19":"tag-sports","20":"tag-taca","21":"tag-taca-de-portugal","22":"tag-taca-portugal"},"share_on_mastodon":{"url":"","error":""},"_links":{"self":[{"href":"https:\/\/www.europesays.com\/pt\/wp-json\/wp\/v2\/posts\/114623","targetHints":{"allow":["GET"]}}],"collection":[{"href":"https:\/\/www.europesays.com\/pt\/wp-json\/wp\/v2\/posts"}],"about":[{"href":"https:\/\/www.europesays.com\/pt\/wp-json\/wp\/v2\/types\/post"}],"author":[{"embeddable":true,"href":"https:\/\/www.europesays.com\/pt\/wp-json\/wp\/v2\/users\/2"}],"replies":[{"embeddable":true,"href":"https:\/\/www.europesays.com\/pt\/wp-json\/wp\/v2\/comments?post=114623"}],"version-history":[{"count":0,"href":"https:\/\/www.europesays.com\/pt\/wp-json\/wp\/v2\/posts\/114623\/revisions"}],"wp:featuredmedia":[{"embeddable":true,"href":"https:\/\/www.europesays.com\/pt\/wp-json\/wp\/v2\/media\/114624"}],"wp:attachment":[{"href":"https:\/\/www.europesays.com\/pt\/wp-json\/wp\/v2\/media?parent=114623"}],"wp:term":[{"taxonomy":"category","embeddable":true,"href":"https:\/\/www.europesays.com\/pt\/wp-json\/wp\/v2\/categories?post=114623"},{"taxonomy":"post_tag","embeddable":true,"href":"https:\/\/www.europesays.com\/pt\/wp-json\/wp\/v2\/tags?post=114623"}],"curies":[{"name":"wp","href":"https:\/\/api.w.org\/{rel}","templated":true}]}}