{"id":114627,"date":"2025-10-17T12:47:08","date_gmt":"2025-10-17T12:47:08","guid":{"rendered":"https:\/\/www.europesays.com\/pt\/114627\/"},"modified":"2025-10-17T12:47:08","modified_gmt":"2025-10-17T12:47:08","slug":"gritos-acusacoes-e-insultos-o-momento-em-que-os-segredos-de-pedro-e-marisa-estiveram-por-um-fio-secret-story","status":"publish","type":"post","link":"https:\/\/www.europesays.com\/pt\/114627\/","title":{"rendered":"Gritos, acusa\u00e7\u00f5es e insultos: o momento em que os segredos de Pedro e Marisa estiveram por um fio &#8211; Secret Story"},"content":{"rendered":"<p>\n                    O clima azedou entre Marisa e Pedro Jorge. A discuss\u00e3o foi t\u00e3o intensa que os segredos do casal estiveram por um fio.\n                <\/p>\n<p style=\"margin-bottom:11px\">Marisa e Pedro Jorge <strong>envolveram-se numa discuss\u00e3o acesa,<\/strong> marcada por ci\u00fames, acusa\u00e7\u00f5es e palavras duras, que deixou Marta Cardoso em choque. A apresentadora admitiu, em direto no Extra, <strong>ter ficado \u00aba tremer\u00bb com a intensidade do confronto.<\/strong><\/p>\n<p>O desentendimento come\u00e7ou no quarto com <strong>Marisa em l\u00e1grimas, <\/strong>chamando a aten\u00e7\u00e3o do marido para a respeite e <strong>n\u00e3o se aproxime tanto de outras mulheres.\u00a0<\/strong><\/p>\n<p><strong>Mais tarde, na sala completamente vazia, o casal trocou farpas e elevou o tom de voz<\/strong>. Tudo ter\u00e1 come\u00e7ado por causa de ci\u00fames e inseguran\u00e7as que se foram acumulando ao longo dos \u00faltimos dias. <strong>Pedro Jorge questionou a mulher<\/strong>: \u00abPergunto-te onde \u00e9 que tu j\u00e1 me procuraste para falarmos? Quando me viste sozinho, alguma vez me vieste procurar?\u00bb. Marisa respondeu de imediato, sem rodeios: \u00abQuando \u00e9 que estavas sozinho? Quando n\u00e3o te tinhas atirado ao mulherio?\u00bb<\/p>\n<p><strong>A provoca\u00e7\u00e3o deixou Pedro Jorge visivelmente irritado<\/strong>: \u00abN\u00e3o d\u00e1 para falar contigo\u2026 Est\u00e1s insegura com alguma coisa?\u00bb<\/p>\n<p><strong>Marisa manteve-se firme<\/strong>, mas acabou por admitir que se sente <strong>insegura com as aproxima\u00e7\u00f5es do marido a outras mulheres dentro da casa<\/strong>. A concorrente recordou mesmo um epis\u00f3dio recente, quando <strong>Vera perguntou se podia dormir na cama de Pedro<\/strong>, algo que a deixou desconfort\u00e1vel.<\/p>\n<p>A discuss\u00e3o subiu de tom quando <strong>Pedro Jorge sugeriu que a esposa \u00abn\u00e3o estava bem\u00bb<\/strong> e que devia procurar <strong>ajuda psicol\u00f3gica<\/strong>, o que levou Marisa a acus\u00e1-lo de ser possessivo fora da casa: \u00abTu l\u00e1 fora \u00e9s um possessivo do cara\u00e7as\u00bb, atirou a concorrente.<\/p>\n<p><strong>O clima tornou-se insustent\u00e1vel quando Pedro Jorge respondeu, repetidamente: \u00abTu n\u00e3o est\u00e1s bem.\u00bb<\/strong><\/p>\n<p>At\u00e9 que, num dos momentos mais tensos da noite, <strong>a concorrente perdeu a paci\u00eancia e disparou<\/strong>: \u00abAqui se v\u00ea o tipo de homem que tu \u00e9s.\u00bb <strong>ao que o marido respondeu<\/strong>: \u00a0\u00abPodes fazer as malas e ir embora! N\u00e3o fazes aqui falta, se n\u00e3o percebes o que estamos aqui a fazer!\u00bb<\/p>\n<p><strong>O casal terminou a noite de costas voltadas<\/strong>. Pedro Jorge ficou na sala a desabafar sozinho, enquanto Marisa se refugiou no quarto, visivelmente abalada.<\/p>\n<p><strong>Veja agora todas as imagens da discuss\u00e3o atrav\u00e9s da galeria que prepar\u00e1mos para si.\u00a0<\/strong><\/p>\n","protected":false},"excerpt":{"rendered":"O clima azedou entre Marisa e Pedro Jorge. A discuss\u00e3o foi t\u00e3o intensa que os segredos do casal&hellip;\n","protected":false},"author":2,"featured_media":114628,"comment_status":"","ping_status":"","sticky":false,"template":"","format":"standard","meta":{"footnotes":""},"categories":[85],"tags":[114,115,18672,18673,18674,19184,14646,32,33],"class_list":{"0":"post-114627","1":"post","2":"type-post","3":"status-publish","4":"format-standard","5":"has-post-thumbnail","7":"category-entretenimento","8":"tag-entertainment","9":"tag-entretenimento","10":"tag-fotos-oficiais-secret-story","11":"tag-galerias-casa-dos-segredos","12":"tag-imagens-concorrentes-tvi","13":"tag-marisa","14":"tag-pedro","15":"tag-portugal","16":"tag-pt"},"share_on_mastodon":{"url":"","error":""},"_links":{"self":[{"href":"https:\/\/www.europesays.com\/pt\/wp-json\/wp\/v2\/posts\/114627","targetHints":{"allow":["GET"]}}],"collection":[{"href":"https:\/\/www.europesays.com\/pt\/wp-json\/wp\/v2\/posts"}],"about":[{"href":"https:\/\/www.europesays.com\/pt\/wp-json\/wp\/v2\/types\/post"}],"author":[{"embeddable":true,"href":"https:\/\/www.europesays.com\/pt\/wp-json\/wp\/v2\/users\/2"}],"replies":[{"embeddable":true,"href":"https:\/\/www.europesays.com\/pt\/wp-json\/wp\/v2\/comments?post=114627"}],"version-history":[{"count":0,"href":"https:\/\/www.europesays.com\/pt\/wp-json\/wp\/v2\/posts\/114627\/revisions"}],"wp:featuredmedia":[{"embeddable":true,"href":"https:\/\/www.europesays.com\/pt\/wp-json\/wp\/v2\/media\/114628"}],"wp:attachment":[{"href":"https:\/\/www.europesays.com\/pt\/wp-json\/wp\/v2\/media?parent=114627"}],"wp:term":[{"taxonomy":"category","embeddable":true,"href":"https:\/\/www.europesays.com\/pt\/wp-json\/wp\/v2\/categories?post=114627"},{"taxonomy":"post_tag","embeddable":true,"href":"https:\/\/www.europesays.com\/pt\/wp-json\/wp\/v2\/tags?post=114627"}],"curies":[{"name":"wp","href":"https:\/\/api.w.org\/{rel}","templated":true}]}}