{"id":114631,"date":"2025-10-17T12:50:13","date_gmt":"2025-10-17T12:50:13","guid":{"rendered":"https:\/\/www.europesays.com\/pt\/114631\/"},"modified":"2025-10-17T12:50:13","modified_gmt":"2025-10-17T12:50:13","slug":"burcas-e-veus-parlamento-aprova-proibicao-de-roupas-destinadas-a-ocultar-o-rosto-em-espacos-publicos","status":"publish","type":"post","link":"https:\/\/www.europesays.com\/pt\/114631\/","title":{"rendered":"Burcas e v\u00e9us. Parlamento aprova proibi\u00e7\u00e3o de &#8220;roupas destinadas a ocultar o rosto&#8221; em espa\u00e7os p\u00fablicos"},"content":{"rendered":"<p>&#13;<br \/>\nPS, Livre, PCP e Bloco de Esquerda votaram contra, ao passo que PAN e JPP optaram pela absten\u00e7\u00e3o.&#13;\n<\/p>\n<p>&#13;<br \/>\n<b>Enquanto IL e CDS-PP declararam apoio ao projeto do Chega que &#8220;pro\u00edbe a oculta\u00e7\u00e3o do rosto em espa\u00e7os p\u00fablicos, salvo determinadas exce\u00e7\u00f5es&#8221;, o PSD manifestou-se &#8220;dispon\u00edvel para fazer este caminho&#8221;, mas defendeu que &#8220;o texto apresentado pode e deve ser aperfei\u00e7oado em sede de especialidade&#8221;.<\/b>&#13;\n<\/p>\n<p>Durante o debate, houve uma clara divis\u00e3o entre as posi\u00e7\u00f5es da esquerda e da direita.<br \/>\n          <img decoding=\"async\" itemprop=\"image\" class=\"img-fluid\"   src=\"https:\/\/www.europesays.com\/pt\/wp-content\/uploads\/2025\/10\/adba7de9a738faff8a81a96e6e60fe25_N.jpg\"\/><\/p>\n<p>\u201cQuem chega a Portugal, vindo de onde vier, vindo de que regi\u00e3o venha, com os costumes e religi\u00e3o que tiver, tem de cumprir, respeitar e fazer respeitar os costumes e os valores deste pa\u00eds\u201d, disse o l\u00edder do Chega, Andr\u00e9 Ventura, no Parlamento.O texto desce agora \u00e0 especialidade para ser afinado&#13;<br \/>\nantes da vota\u00e7\u00e3o final global. Se este diploma for viabilizado em &#13;<br \/>\nvota\u00e7\u00e3o final global, o uso de burcas ou outra indument\u00e1ria do g\u00e9nero &#13;<br \/>\nvai ser proibido.<\/p>\n<p><b>O <a href=\"chrome-extension:\/\/efaidnbmnnnibpcajpcglclefindmkaj\/https:\/\/app.parlamento.pt\/webutils\/docs\/doc.pdf?path=egpB2HI0ZQ8FX5LtxSKZMyPvzD1BmzKev5RY6vocx%252bwzWDX9EOpCmbkeFlq1F2%252bE48XQmfDOXK2no1CvZASmzKvY0eaFPgZw1Dk3h1tC9XoWtD1v7NJSfabbHL2MGnMZj4gJ6t6yDKIHOxrpkL5uI23g26GH%252fNaFPqfpTbN1nc2a0H%252bLcnmt7D82rLLRUW%252fx1bvuwSOYRcO2NdSDBNXoFNc23exbT2f3mqKdlnWTSaSsdyowFZSYrLVJMCYAERxx67NrTuAe52Dzk5bfhgB5k5F0UmkdhODJv%252f3mLGcb3dcvVttZ5crgEyWa2hKv6i6vCv3yWacl%252bqbkwnZHwyl4sTY59R42eKvwbyQnG4xyzt8%253d&amp;fich=11da48b2-4894-47b0-9d5e-57c532a7a94e.docx&amp;Inline=true\" target=\"_blank\" rel=\"nofollow\">projeto de lei<\/a> do partido de Andr\u00e9 Ventura diz que o objetivo \u00e9 proibir a utiliza\u00e7\u00e3o &#8220;de roupas destinadas a ocultar ou a obstaculizar a exibi\u00e7\u00e3o do rosto&#8221;<\/b> e d\u00e1 exemplos como a Dinamarca, Fran\u00e7a ou a B\u00e9lgica, que j\u00e1 proibiram a utiliza\u00e7\u00e3o do v\u00e9u isl\u00e2mico em espa\u00e7os p\u00fablicos.<\/p>\n<p>\u201cA proibi\u00e7\u00e3o (\u2026) n\u00e3o se aplica sempre que tal apar\u00eancia se encontre devidamente justificada por raz\u00f5es de sa\u00fade ou motivos profissionais, art\u00edsticos e de entretenimento ou publicidade\u201d, esclarece o documento, acrescentando que a proibi\u00e7\u00e3o tamb\u00e9m n\u00e3o se aplica &#8220;a avi\u00f5es ou em instala\u00e7\u00f5es diplom\u00e1ticas e consulares, e os rostos tamb\u00e9m podem ser cobertos em locais de culto e outros locais sagrados&#8221;.<\/p>\n<p>As penas para os infratores variam entre coimas de 200 a dois mil euros em caso de neglig\u00eancia e 400 a quatro mil euros em caso de dolo.<br \/>&#13;<\/p>\n","protected":false},"excerpt":{"rendered":"&#13; PS, Livre, PCP e Bloco de Esquerda votaram contra, ao passo que PAN e JPP optaram pela&hellip;\n","protected":false},"author":2,"featured_media":114632,"comment_status":"","ping_status":"","sticky":false,"template":"","format":"standard","meta":{"footnotes":""},"categories":[50],"tags":[2030,27,28,26922,1736,15,16,14,24487,25,26,21,22,62,12,13,19,20,4532,23,24,9759,17,18,29,30,31,63,64,65],"class_list":{"0":"post-114631","1":"post","2":"type-post","3":"status-publish","4":"format-standard","5":"has-post-thumbnail","7":"category-mundo","8":"tag-assembleia-da-republica","9":"tag-breaking-news","10":"tag-breakingnews","11":"tag-burca","12":"tag-chega","13":"tag-featured-news","14":"tag-featurednews","15":"tag-headlines","16":"tag-iniciativa","17":"tag-latest-news","18":"tag-latestnews","19":"tag-main-news","20":"tag-mainnews","21":"tag-mundo","22":"tag-news","23":"tag-noticias","24":"tag-noticias-principais","25":"tag-noticiasprincipais","26":"tag-parlamento","27":"tag-principais-noticias","28":"tag-principaisnoticias","29":"tag-proibicao","30":"tag-top-stories","31":"tag-topstories","32":"tag-ultimas","33":"tag-ultimas-noticias","34":"tag-ultimasnoticias","35":"tag-world","36":"tag-world-news","37":"tag-worldnews"},"share_on_mastodon":{"url":"","error":""},"_links":{"self":[{"href":"https:\/\/www.europesays.com\/pt\/wp-json\/wp\/v2\/posts\/114631","targetHints":{"allow":["GET"]}}],"collection":[{"href":"https:\/\/www.europesays.com\/pt\/wp-json\/wp\/v2\/posts"}],"about":[{"href":"https:\/\/www.europesays.com\/pt\/wp-json\/wp\/v2\/types\/post"}],"author":[{"embeddable":true,"href":"https:\/\/www.europesays.com\/pt\/wp-json\/wp\/v2\/users\/2"}],"replies":[{"embeddable":true,"href":"https:\/\/www.europesays.com\/pt\/wp-json\/wp\/v2\/comments?post=114631"}],"version-history":[{"count":0,"href":"https:\/\/www.europesays.com\/pt\/wp-json\/wp\/v2\/posts\/114631\/revisions"}],"wp:featuredmedia":[{"embeddable":true,"href":"https:\/\/www.europesays.com\/pt\/wp-json\/wp\/v2\/media\/114632"}],"wp:attachment":[{"href":"https:\/\/www.europesays.com\/pt\/wp-json\/wp\/v2\/media?parent=114631"}],"wp:term":[{"taxonomy":"category","embeddable":true,"href":"https:\/\/www.europesays.com\/pt\/wp-json\/wp\/v2\/categories?post=114631"},{"taxonomy":"post_tag","embeddable":true,"href":"https:\/\/www.europesays.com\/pt\/wp-json\/wp\/v2\/tags?post=114631"}],"curies":[{"name":"wp","href":"https:\/\/api.w.org\/{rel}","templated":true}]}}