{"id":114634,"date":"2025-10-17T12:52:24","date_gmt":"2025-10-17T12:52:24","guid":{"rendered":"https:\/\/www.europesays.com\/pt\/114634\/"},"modified":"2025-10-17T12:52:24","modified_gmt":"2025-10-17T12:52:24","slug":"parlamento-portugues-aprova-medida-em-espacos-publicos","status":"publish","type":"post","link":"https:\/\/www.europesays.com\/pt\/114634\/","title":{"rendered":"Parlamento Portugu\u00eas Aprova Medida em Espa\u00e7os P\u00fablicos"},"content":{"rendered":"<p>A Assembleia da Rep\u00fablica aprovou esta sexta-feira, 17 de outubro, a  proibi\u00e7\u00e3o da utiliza\u00e7\u00e3o da burca em espa\u00e7os p\u00fablicos em Portugal. <\/p>\n<p>A proposta do Chega teve o apoio de PSD, Iniciativa Liberal e CDS. PS, Livre, PCP e Bloco de Esquerda votaram contra, enquanto PAN e JPP abstiveram-se.<\/p>\n<p>Enquanto IL e CDS-PP declararam apoio ao projeto do Chega que \u201cpro\u00edbe a oculta\u00e7\u00e3o do rosto em espa\u00e7os p\u00fablicos, salvo determinadas exce\u00e7\u00f5es\u201d, o PSD manifestou-se \u201cdispon\u00edvel para fazer este caminho\u201d, mas defendeu que \u201co texto apresentado pode e deve ser aperfei\u00e7oado em sede de especialidade\u201d.<\/p>\n<p>O projeto de lei pretende proibir a utiliza\u00e7\u00e3o &#8220;de roupas destinadas a ocultar a exibi\u00e7\u00e3o do rosto&#8221;. Embora a palavra burca n\u00e3o seja explicitamente mencionada, na argumenta\u00e7\u00e3o da lei o partido de Andr\u00e9 Ventura aponta o exemplo de pa\u00edses como a Dinamarca, Fran\u00e7a ou a B\u00e9lgica, que j\u00e1 proibiram a utiliza\u00e7\u00e3o do v\u00e9u isl\u00e2mico em espa\u00e7os p\u00fablicos.<\/p>\n<p>O Chega cita tamb\u00e9m a Constitui\u00e7\u00e3o da Rep\u00fablica Portuguesa, que preconiza que &#8220;todos os cidad\u00e3os t\u00eam a mesma dignidade social e s\u00e3o iguais perante a lei&#8221; e &#8220;ningu\u00e9m pode ser privilegiado, beneficiado, prejudicado, privado de qualquer direito ou isento de qualquer dever em raz\u00e3o de ascend\u00eancia, sexo, ra\u00e7a, l\u00edngua, territ\u00f3rio de origem, religi\u00e3o, convic\u00e7\u00f5es pol\u00edticas ou ideol\u00f3gicas, instru\u00e7\u00e3o, situa\u00e7\u00e3o econ\u00f3mica, condi\u00e7\u00e3o social ou orienta\u00e7\u00e3o sexual&#8221;.<\/p>\n","protected":false},"excerpt":{"rendered":"A Assembleia da Rep\u00fablica aprovou esta sexta-feira, 17 de outubro, a proibi\u00e7\u00e3o da utiliza\u00e7\u00e3o da burca em espa\u00e7os&hellip;\n","protected":false},"author":2,"featured_media":114635,"comment_status":"","ping_status":"","sticky":false,"template":"","format":"standard","meta":{"footnotes":""},"categories":[8],"tags":[27,28,26922,15,16,14,25,26,21,22,12,13,19,20,32,23,24,33,17,18,29,30,31],"class_list":{"0":"post-114634","1":"post","2":"type-post","3":"status-publish","4":"format-standard","5":"has-post-thumbnail","7":"category-principais-noticias","8":"tag-breaking-news","9":"tag-breakingnews","10":"tag-burca","11":"tag-featured-news","12":"tag-featurednews","13":"tag-headlines","14":"tag-latest-news","15":"tag-latestnews","16":"tag-main-news","17":"tag-mainnews","18":"tag-news","19":"tag-noticias","20":"tag-noticias-principais","21":"tag-noticiasprincipais","22":"tag-portugal","23":"tag-principais-noticias","24":"tag-principaisnoticias","25":"tag-pt","26":"tag-top-stories","27":"tag-topstories","28":"tag-ultimas","29":"tag-ultimas-noticias","30":"tag-ultimasnoticias"},"share_on_mastodon":{"url":"","error":""},"_links":{"self":[{"href":"https:\/\/www.europesays.com\/pt\/wp-json\/wp\/v2\/posts\/114634","targetHints":{"allow":["GET"]}}],"collection":[{"href":"https:\/\/www.europesays.com\/pt\/wp-json\/wp\/v2\/posts"}],"about":[{"href":"https:\/\/www.europesays.com\/pt\/wp-json\/wp\/v2\/types\/post"}],"author":[{"embeddable":true,"href":"https:\/\/www.europesays.com\/pt\/wp-json\/wp\/v2\/users\/2"}],"replies":[{"embeddable":true,"href":"https:\/\/www.europesays.com\/pt\/wp-json\/wp\/v2\/comments?post=114634"}],"version-history":[{"count":0,"href":"https:\/\/www.europesays.com\/pt\/wp-json\/wp\/v2\/posts\/114634\/revisions"}],"wp:featuredmedia":[{"embeddable":true,"href":"https:\/\/www.europesays.com\/pt\/wp-json\/wp\/v2\/media\/114635"}],"wp:attachment":[{"href":"https:\/\/www.europesays.com\/pt\/wp-json\/wp\/v2\/media?parent=114634"}],"wp:term":[{"taxonomy":"category","embeddable":true,"href":"https:\/\/www.europesays.com\/pt\/wp-json\/wp\/v2\/categories?post=114634"},{"taxonomy":"post_tag","embeddable":true,"href":"https:\/\/www.europesays.com\/pt\/wp-json\/wp\/v2\/tags?post=114634"}],"curies":[{"name":"wp","href":"https:\/\/api.w.org\/{rel}","templated":true}]}}