{"id":114636,"date":"2025-10-17T12:53:12","date_gmt":"2025-10-17T12:53:12","guid":{"rendered":"https:\/\/www.europesays.com\/pt\/114636\/"},"modified":"2025-10-17T12:53:12","modified_gmt":"2025-10-17T12:53:12","slug":"jacob-elordi-diz-que-perda-de-peso-extrema-o-deixou-com-dores-intensas-durante-as-filmagens-de-frankenstein","status":"publish","type":"post","link":"https:\/\/www.europesays.com\/pt\/114636\/","title":{"rendered":"Jacob Elordi diz que perda de peso extrema o deixou &#8216;com dores intensas&#8217; durante as filmagens de &#8216;Frankenstein&#8217;"},"content":{"rendered":"\n<p class=\" content-text__container theme-color-primary-first-letter\" data-track-category=\"Link no Texto\" data-track-links=\"\"> O ator Jacob Elordi, de 28 anos, revelou que a dr\u00e1stica perda de peso enfrentada durante as grava\u00e7\u00f5es de uma miniss\u00e9rie acabou servindo de prepara\u00e7\u00e3o involunt\u00e1ria para seu papel como a Criatura em &#8220;Frankenstein&#8221;, novo filme de Guillermo del Toro. <\/p>\n<ul class=\"content-unordered-list\">\n<li><strong>Gwyneth Paltrow critica biografia n\u00e3o autorizada:<\/strong><a class=\"\" href=\"https:\/\/oglobo.globo.com\/cultura\/noticia\/2025\/10\/15\/gwyneth-paltrow-critica-biografia-nao-autorizada-perdeu-completamente-a-essencia.ghtml\" rel=\"nofollow noopener\" target=\"_blank\"> &#8216;Perdeu completamente a ess\u00eancia&#8217;<\/a><\/li>\n<li><strong>Leia tamb\u00e9m: <\/strong><a class=\"\" href=\"https:\/\/oglobo.globo.com\/cultura\/noticia\/2025\/10\/15\/mark-ruffalo-relembra-desolacao-apos-perder-melhor-amigo-e-como-aprendeu-a-lidar-com-a-depressao.ghtml\" rel=\"nofollow noopener\" target=\"_blank\">Mark Ruffalo relembra desola\u00e7\u00e3o ap\u00f3s perder melhor amigo e conta como aprendeu a lidar com a depress\u00e3o<\/a><\/li>\n<\/ul>\n<p class=\" content-text__container \" data-track-category=\"Link no Texto\" data-track-links=\"\"> Em entrevista ao Los Angeles Times, publicada nesta quinta-feira (16), o astro de &#8220;Euphoria&#8221; e &#8220;Saltburn&#8221; contou que vinha de um intenso trabalho no drama de guerra &#8220;The Narrow Road to the Deep North&#8221;, produ\u00e7\u00e3o da Prime Video filmada na Austr\u00e1lia, quando recebeu o convite para o longa. <\/p>\n<p class=\" content-text__container \" data-track-category=\"Link no Texto\" data-track-links=\"\"> A s\u00e9rie exigiu que ele perdesse peso rapidamente, e os efeitos dessa transforma\u00e7\u00e3o f\u00edsica, segundo o pr\u00f3prio artista, o colocaram em sintonia com o sofrimento do personagem criado por Mary Shelley. <\/p>\n<p class=\" content-text__container \" data-track-category=\"Link no Texto\" data-track-links=\"\"> &#8220;Minha mente estava em frangalhos. Eu acordava por volta das 3h da manh\u00e3 sentindo uma dor imensa no corpo. Mas percebi que isso era uma b\u00ean\u00e7\u00e3o, porque, com Frankenstein chegando, eu podia canalizar essa dor, esse sofrimento&#8221;, contou. <\/p>\n<p>      <img decoding=\"async\" class=\"content-media__image\"  src=\"https:\/\/www.europesays.com\/pt\/wp-content\/uploads\/2025\/10\/2c75b5ec-4f27-49f5-8a80-598f9bab39ab.jpg\" alt=\"Jacob Elordi interpretou Elvis Presley no filme dirigido por Sofia Coppola, 'Priscilla' \u2014 Foto: Reprodu\u00e7\u00e3o\" width=\"546\" height=\"551\" loading=\"lazy\"\/>  Jacob Elordi interpretou Elvis Presley no filme dirigido por Sofia Coppola, &#8216;Priscilla&#8217; \u2014 Foto: Reprodu\u00e7\u00e3o       <\/p>\n<p class=\" content-text__container \" data-track-category=\"Link no Texto\" data-track-links=\"\"> Elordi assumiu o papel ap\u00f3s a sa\u00edda de Andrew Garfield do projeto, no fim de 2023, e teve pouco tempo para se preparar. O elenco do filme ainda re\u00fane Oscar Isaac, que interpreta o Dr. Victor Frankenstein, Mia Goth, Felix Kammerer, Lars Mikkelsen, David Bradley, Charles Dance e Christoph Waltz. <\/p>\n<p class=\" content-text__container \" data-track-category=\"Link no Texto\" data-track-links=\"\"> O ator revelou que o convite para viver a Criatura pareceu quase &#8220;inevit\u00e1vel&#8221;. A ideia, afirmou ele, surgiu a partir de um coment\u00e1rio negativo sobre uma de suas primeiras atua\u00e7\u00f5es. <\/p>\n<p class=\" content-text__container \" data-track-category=\"Link no Texto\" data-track-links=\"\"> &#8220;Algu\u00e9m escreveu depois do meu primeiro filme: &#8216;A \u00fanica coisa que esse peda\u00e7o de madeira poderia interpretar \u00e9 o monstro de Frankenstein. Tirem ele da tela!'&#8221;, relembrou o ator, rindo. <\/p>\n<ul class=\"content-unordered-list\">\n<li><strong>&#8216;Casei e comecei a chorar&#8217;: <\/strong><a class=\"\" href=\"https:\/\/oglobo.globo.com\/cultura\/noticia\/2025\/10\/15\/selena-gomez-revela-dificuldade-em-lidar-com-a-felicidade-casei-e-comecei-a-chorar.ghtml\" rel=\"nofollow noopener\" target=\"_blank\">Selena Gomez revela dificuldade em lidar com a felicidade<\/a><\/li>\n<\/ul>\n<p class=\" content-text__container \" data-track-category=\"Link no Texto\" data-track-links=\"\"> O destino voltou a cruzar o caminho de Elordi com o projeto enquanto ele rodava &#8220;Priscilla&#8221; (2023), cinebiografia de Priscilla Presley dirigida por Sofia Coppola. Durante as filmagens, membros da equipe de cabelo e maquiagem comentaram que o pr\u00f3ximo trabalho seria justamente o Frankenstein de del Toro. <\/p>\n<p class=\" content-text__container \" data-track-category=\"Link no Texto\" data-track-links=\"\"> &#8220;Parecia algo que vinha de outro lugar. Foi como um crescimento dentro de mim, algo que dizia que eu precisava interpretar essa criatura. Eu costumava ouvir atores falando isso e pensava: &#8216;Claro, voc\u00ea nasceu para o papel&#8217;. Mas, nesse caso, eu realmente senti que era o meu&#8221;, relembrou. <\/p>\n<p class=\" content-text__container \" data-track-category=\"Link no Texto\" data-track-links=\"\"> Ainda sem data oficial de estreia, &#8220;Frankenstein&#8221; \u00e9 uma das produ\u00e7\u00f5es mais aguardadas da nova fase do cineasta mexicano, vencedor do Oscar por &#8220;A Forma da \u00c1gua&#8221;. <\/p>\n","protected":false},"excerpt":{"rendered":"O ator Jacob Elordi, de 28 anos, revelou que a dr\u00e1stica perda de peso enfrentada durante as grava\u00e7\u00f5es&hellip;\n","protected":false},"author":2,"featured_media":114637,"comment_status":"","ping_status":"","sticky":false,"template":"","format":"standard","meta":{"footnotes":""},"categories":[145],"tags":[211,210,114,115,319,32,33,318],"class_list":{"0":"post-114636","1":"post","2":"type-post","3":"status-publish","4":"format-standard","5":"has-post-thumbnail","7":"category-celebridades","8":"tag-celebridades","9":"tag-celebrities","10":"tag-entertainment","11":"tag-entretenimento","12":"tag-hard-news","13":"tag-portugal","14":"tag-pt","15":"tag-radar"},"share_on_mastodon":{"url":"","error":""},"_links":{"self":[{"href":"https:\/\/www.europesays.com\/pt\/wp-json\/wp\/v2\/posts\/114636","targetHints":{"allow":["GET"]}}],"collection":[{"href":"https:\/\/www.europesays.com\/pt\/wp-json\/wp\/v2\/posts"}],"about":[{"href":"https:\/\/www.europesays.com\/pt\/wp-json\/wp\/v2\/types\/post"}],"author":[{"embeddable":true,"href":"https:\/\/www.europesays.com\/pt\/wp-json\/wp\/v2\/users\/2"}],"replies":[{"embeddable":true,"href":"https:\/\/www.europesays.com\/pt\/wp-json\/wp\/v2\/comments?post=114636"}],"version-history":[{"count":0,"href":"https:\/\/www.europesays.com\/pt\/wp-json\/wp\/v2\/posts\/114636\/revisions"}],"wp:featuredmedia":[{"embeddable":true,"href":"https:\/\/www.europesays.com\/pt\/wp-json\/wp\/v2\/media\/114637"}],"wp:attachment":[{"href":"https:\/\/www.europesays.com\/pt\/wp-json\/wp\/v2\/media?parent=114636"}],"wp:term":[{"taxonomy":"category","embeddable":true,"href":"https:\/\/www.europesays.com\/pt\/wp-json\/wp\/v2\/categories?post=114636"},{"taxonomy":"post_tag","embeddable":true,"href":"https:\/\/www.europesays.com\/pt\/wp-json\/wp\/v2\/tags?post=114636"}],"curies":[{"name":"wp","href":"https:\/\/api.w.org\/{rel}","templated":true}]}}