{"id":114638,"date":"2025-10-17T12:55:17","date_gmt":"2025-10-17T12:55:17","guid":{"rendered":"https:\/\/www.europesays.com\/pt\/114638\/"},"modified":"2025-10-17T12:55:17","modified_gmt":"2025-10-17T12:55:17","slug":"comissao-aprova-projeto-que-facilita-acesso-de-beneficiarios-do-bolsa-familia-a-livros-noticias","status":"publish","type":"post","link":"https:\/\/www.europesays.com\/pt\/114638\/","title":{"rendered":"Comiss\u00e3o aprova projeto que facilita acesso de benefici\u00e1rios do Bolsa Fam\u00edlia a livros &#8211; Not\u00edcias"},"content":{"rendered":"<p class=\"g-artigo__data-hora\">\n                      17\/10\/2025 &#8211; 08:41 \u00a0\n                    <\/p>\n<p>Kayo Magalh\u00e3es \/ C\u00e2mara dos Deputados<\/p>\n<p>Fernanda Melchionna, relatora da proposta na CCJ<\/p>\n<p>A Comiss\u00e3o de Constitui\u00e7\u00e3o e Justi\u00e7a e de Cidadania (CCJ) da C\u00e2mara dos Deputados aprovou projeto de lei que obriga o governo federal a criar um programa de acesso ao livro para benefici\u00e1rios do Bolsa Fam\u00edlia.<\/p>\n<p>A proposta dever\u00e1 seguir para o Senado, salvo se houver recurso para an\u00e1lise do Plen\u00e1rio.<\/p>\n<p>O texto altera a Lei do Livro, incluindo a nova obriga\u00e7\u00e3o no rol de a\u00e7\u00f5es de difus\u00e3o do livro a serem desenvolvidas pelo Poder Executivo.<\/p>\n<p><strong>Parecer favor\u00e1vel<\/strong><br \/>Por recomenda\u00e7\u00e3o da relatora, deputada Fernanda Melchionna (Psol-RS), foi aprovada a <a href=\"https:\/\/www.camara.leg.br\/proposicoesWeb\/prop_mostrarintegra?codteor=2016255&amp;filename=Parecer-CCULT-2021-05-21\" rel=\"nofollow noopener\" target=\"_blank\">vers\u00e3o da Comiss\u00e3o de Cultura<\/a> para o <a class=\"linkProposicao\" href=\"https:\/\/www.camara.leg.br\/noticias\/681282-projeto-preve-programa-de-acesso-ao-livro-por-beneficiarios-do-bolsa-familia\" rel=\"nofollow noopener\" target=\"_blank\">Projeto de Lei 3895\/20<\/a>, do ex-deputado Luis Miranda (DF), e outra iniciativa que tramita em conjunto.<\/p>\n<p>\u201cA\u00e7\u00f5es de difus\u00e3o do livro e a cria\u00e7\u00e3o de programas que garantam o acesso a eles por popula\u00e7\u00f5es de baixa renda s\u00e3o medidas com potencial de promover inclus\u00e3o, ampliar oportunidades e fortalecer a cidadania\u201d, destacou a relatora no parecer.<\/p>\n<p style=\"font-size: 0.8rem; font-weight: 700;\">Reportagem \u2013 RM<br \/>Edi\u00e7\u00e3o \u2013 Ana Chalub<\/p>\n","protected":false},"excerpt":{"rendered":"17\/10\/2025 &#8211; 08:41 \u00a0 Kayo Magalh\u00e3es \/ C\u00e2mara dos Deputados Fernanda Melchionna, relatora da proposta na CCJ A&hellip;\n","protected":false},"author":2,"featured_media":114639,"comment_status":"","ping_status":"","sticky":false,"template":"","format":"standard","meta":{"footnotes":""},"categories":[143],"tags":[169,114,115,170,32,33],"class_list":{"0":"post-114638","1":"post","2":"type-post","3":"status-publish","4":"format-standard","5":"has-post-thumbnail","7":"category-livros","8":"tag-books","9":"tag-entertainment","10":"tag-entretenimento","11":"tag-livros","12":"tag-portugal","13":"tag-pt"},"share_on_mastodon":{"url":"","error":""},"_links":{"self":[{"href":"https:\/\/www.europesays.com\/pt\/wp-json\/wp\/v2\/posts\/114638","targetHints":{"allow":["GET"]}}],"collection":[{"href":"https:\/\/www.europesays.com\/pt\/wp-json\/wp\/v2\/posts"}],"about":[{"href":"https:\/\/www.europesays.com\/pt\/wp-json\/wp\/v2\/types\/post"}],"author":[{"embeddable":true,"href":"https:\/\/www.europesays.com\/pt\/wp-json\/wp\/v2\/users\/2"}],"replies":[{"embeddable":true,"href":"https:\/\/www.europesays.com\/pt\/wp-json\/wp\/v2\/comments?post=114638"}],"version-history":[{"count":0,"href":"https:\/\/www.europesays.com\/pt\/wp-json\/wp\/v2\/posts\/114638\/revisions"}],"wp:featuredmedia":[{"embeddable":true,"href":"https:\/\/www.europesays.com\/pt\/wp-json\/wp\/v2\/media\/114639"}],"wp:attachment":[{"href":"https:\/\/www.europesays.com\/pt\/wp-json\/wp\/v2\/media?parent=114638"}],"wp:term":[{"taxonomy":"category","embeddable":true,"href":"https:\/\/www.europesays.com\/pt\/wp-json\/wp\/v2\/categories?post=114638"},{"taxonomy":"post_tag","embeddable":true,"href":"https:\/\/www.europesays.com\/pt\/wp-json\/wp\/v2\/tags?post=114638"}],"curies":[{"name":"wp","href":"https:\/\/api.w.org\/{rel}","templated":true}]}}