{"id":114651,"date":"2025-10-17T13:04:07","date_gmt":"2025-10-17T13:04:07","guid":{"rendered":"https:\/\/www.europesays.com\/pt\/114651\/"},"modified":"2025-10-17T13:04:07","modified_gmt":"2025-10-17T13:04:07","slug":"nao-confio-nessas-pessoas-para-governar-a-franca-nobel-da-economia-recusa-que-extremos-assumam-o-poder","status":"publish","type":"post","link":"https:\/\/www.europesays.com\/pt\/114651\/","title":{"rendered":"N\u00e3o confio nessas pessoas para governar a Fran\u00e7a&#8221;. Nobel da Economia recusa que extremos &#8220;assumam o poder"},"content":{"rendered":"<p>&#13;<br \/>\n<b>&#8220;N\u00e3o quero que o RN assuma o poder. N\u00e3o confio nessas pessoas para governar a Fran\u00e7a. Farei tudo para que isso n\u00e3o aconte\u00e7a&#8221;<\/b>, afirmou Philippe Aghion.\u00a0<b>&#8220;A LFI \u00e9 a mesma coisa, coloco-as no mesmo plano&#8221;<\/b>, acrescentou, criticando os programas de ambos os partidos.&#13;\n<\/p>\n<p>Questionado sobre as <a href=\"https:\/\/www.rtp.pt\/noticias\/mundo\/crise-politica-em-franca-macron-deve-anunciar-eleicoes-antecipadas-defende-ex-primeiro-ministro-edouard-philippe_n1689019\" target=\"_blank\" rel=\"nofollow noopener\">declara\u00e7\u00f5es <\/a>de \u00c9douard Philippe, antigo primeiro-ministro franc\u00eas e candidato \u00e0s presidenciais, que tem apelado \u00e0 demiss\u00e3o de Emmanuel Macron, a quem garantiu &#8220;n\u00e3o dever nada&#8221;,\u00a0Philippe Aghion considerou &#8220;inaceit\u00e1vel&#8221;.<b>\u00a0&#8220;Ele foi o &#13;<br \/>\nprimeiro-ministro do presidente. Ele deve muito ao presidente da &#13;<br \/>\nRep\u00fablica&#8221;.\u00a0<\/b><\/p>\n<p>&#13;<br \/>\nPese embora a crise pol\u00edtica que o pa\u00eds atravessa,\u00a0o Pr\u00e9mio Nobel da Economia considera que <b>&#8220;o presidente deve cumprir o seu mandato at\u00e9 ao fim&#8221;<\/b>. Apesar de se ter distanciado de Emmanuel Macron nos \u00faltimos anos, o economista contribuiu para a elabora\u00e7\u00e3o do programa do chefe de Estado em 2017.&#13;\n<\/p>\n<p>&#8220;Necess\u00e1ria uma grande reforma das pens\u00f5es&#8221;<\/p>\n<p>O economista franc\u00eas considerou necess\u00e1ria a suspens\u00e3o da reforma das pens\u00f5es decidida por S\u00e9bastien L\u00e9cornu para <a href=\"https:\/\/www.rtp.pt\/noticias\/mundo\/sebastien-lecornu-sobrevive-a-duas-mocoes-de-censura_n1691564\" target=\"_blank\" rel=\"nofollow noopener\">evitar a censura dos socialistas<\/a> ao seu segundo Governo. <b>&#8220;Se n\u00e3o par\u00e1ssemos os rel\u00f3gios, haveria novamente censura e entrar\u00edamos no desconhecido&#8221;<\/b>, disse.\u00a0<\/p>\n<p>&#13;<br \/>\n<b>&#8220;Vou propor ao Parlamento, neste outono, que suspendamos a reforma das pens\u00f5es de 2023 at\u00e9 \u00e0s elei\u00e7\u00f5es presidenciais. A idade de reforma n\u00e3o ser\u00e1 aumentada de agora at\u00e9 janeiro de 2028&#8221;<\/b>, anunciou S\u00e9bastien Lecornu no discurso de pol\u00edtica geral perante os deputados da Assembleia Nacional.\u00a0&#13;\n<\/p>\n<p>Uma decis\u00e3o que custar\u00e1 &#8220;400 milh\u00f5es de euros em 2026 e 1,8 mil milh\u00f5es em 2027&#8221; e que, segundo ele, &#8220;ter\u00e1 de ser compensada por poupan\u00e7as&#8221;.<\/p>\n<p>&#13;<br \/>\n<b>Apesar da suspens\u00e3o tempor\u00e1ria desta lei controversa<\/b> do segundo mandato do presidente Macron, aprovada sem vota\u00e7\u00e3o no parlamento para aumentar a idade legal da reforma de 62 para os 64 anos,\u00a0<b>Phillipe Aghion defende que\u00a0&#8220;ser\u00e1 necess\u00e1ria uma grande reforma das pens\u00f5es&#8221;\u00a0em Fran\u00e7a.<\/b> Segundo o economista, os franceses t\u00eam &#8220;de trabalhar mais&#8221;, tendo em conta o baixo n\u00edvel de emprego dos jovens e dos idosos no pa\u00eds.\u00a0&#13;\n<\/p>\n<p>&#13;<br \/>\n&#8220;Imposto Zucman ataca o instrumento de trabalho&#8221;&#13;\n<\/p>\n<p>&#13;<br \/>\nQuestionado sobre o imposto Zucman, que prev\u00ea tributar em dois por cento os patrim\u00f3nios superiores a 100 milh\u00f5es de euros, o economista reafirmou a sua oposi\u00e7\u00e3o e alertou para o risco de prejudicar a competitvidade do pa\u00eds:\u00a0<b>&#8220;Por que critico o imposto Zucman? Porque ataca o instrumento de &#13;<br \/>\ntrabalho&#8221;<\/b>, defendeu.&#13;<\/p>\n","protected":false},"excerpt":{"rendered":"&#13; &#8220;N\u00e3o quero que o RN assuma o poder. N\u00e3o confio nessas pessoas para governar a Fran\u00e7a. Farei&hellip;\n","protected":false},"author":2,"featured_media":114652,"comment_status":"","ping_status":"","sticky":false,"template":"","format":"standard","meta":{"footnotes":""},"categories":[50],"tags":[27,28,476,447,15,16,208,14,25,26,26935,26934,21,22,62,12,13,19,20,26933,52,25942,23,24,10563,17,18,29,30,31,63,64,65],"class_list":{"0":"post-114651","1":"post","2":"type-post","3":"status-publish","4":"format-standard","5":"has-post-thumbnail","7":"category-mundo","8":"tag-breaking-news","9":"tag-breakingnews","10":"tag-economia","11":"tag-emmanuel-macron","12":"tag-featured-news","13":"tag-featurednews","14":"tag-franca","15":"tag-headlines","16":"tag-latest-news","17":"tag-latestnews","18":"tag-le-pen","19":"tag-lfi","20":"tag-main-news","21":"tag-mainnews","22":"tag-mundo","23":"tag-news","24":"tag-noticias","25":"tag-noticias-principais","26":"tag-noticiasprincipais","27":"tag-philippe-aghion","28":"tag-politica","29":"tag-premio-nobel-da-economia","30":"tag-principais-noticias","31":"tag-principaisnoticias","32":"tag-rn","33":"tag-top-stories","34":"tag-topstories","35":"tag-ultimas","36":"tag-ultimas-noticias","37":"tag-ultimasnoticias","38":"tag-world","39":"tag-world-news","40":"tag-worldnews"},"share_on_mastodon":{"url":"","error":""},"_links":{"self":[{"href":"https:\/\/www.europesays.com\/pt\/wp-json\/wp\/v2\/posts\/114651","targetHints":{"allow":["GET"]}}],"collection":[{"href":"https:\/\/www.europesays.com\/pt\/wp-json\/wp\/v2\/posts"}],"about":[{"href":"https:\/\/www.europesays.com\/pt\/wp-json\/wp\/v2\/types\/post"}],"author":[{"embeddable":true,"href":"https:\/\/www.europesays.com\/pt\/wp-json\/wp\/v2\/users\/2"}],"replies":[{"embeddable":true,"href":"https:\/\/www.europesays.com\/pt\/wp-json\/wp\/v2\/comments?post=114651"}],"version-history":[{"count":0,"href":"https:\/\/www.europesays.com\/pt\/wp-json\/wp\/v2\/posts\/114651\/revisions"}],"wp:featuredmedia":[{"embeddable":true,"href":"https:\/\/www.europesays.com\/pt\/wp-json\/wp\/v2\/media\/114652"}],"wp:attachment":[{"href":"https:\/\/www.europesays.com\/pt\/wp-json\/wp\/v2\/media?parent=114651"}],"wp:term":[{"taxonomy":"category","embeddable":true,"href":"https:\/\/www.europesays.com\/pt\/wp-json\/wp\/v2\/categories?post=114651"},{"taxonomy":"post_tag","embeddable":true,"href":"https:\/\/www.europesays.com\/pt\/wp-json\/wp\/v2\/tags?post=114651"}],"curies":[{"name":"wp","href":"https:\/\/api.w.org\/{rel}","templated":true}]}}