{"id":114660,"date":"2025-10-17T13:13:23","date_gmt":"2025-10-17T13:13:23","guid":{"rendered":"https:\/\/www.europesays.com\/pt\/114660\/"},"modified":"2025-10-17T13:13:23","modified_gmt":"2025-10-17T13:13:23","slug":"sporting-tem-de-fazer-historia-revelado-novo-trailer-de-documentario","status":"publish","type":"post","link":"https:\/\/www.europesays.com\/pt\/114660\/","title":{"rendered":"&#8220;Sporting tem de fazer hist\u00f3ria&#8221;: revelado novo trailer de document\u00e1rio"},"content":{"rendered":"<p data-remotead-prev-elm=\"true\" data-remotead-elm-id=\"inread\">O Sporting divulgou, esta quarta-feira, mais um pequeno excerto do document\u00e1rio sobre o t\u00edtulo nacional conquistado na \u00e9poca passada nas redes sociais do clube.<\/p>\n<p>&#8220;Ao longo desta \u00e9poca, pens\u00e1mos em ir ao Marqu\u00eas. O Sporting tem de fazer hist\u00f3ria esta temporada!&#8221;, atirou o capit\u00e3o Morten Hjulmand, num v\u00eddeo em que Viktor Gyokeres, agora no Arsenal, recordou o pen\u00e1lti que conquistou, e converteu, na final da Ta\u00e7a de Portugal da \u00e9poca passada.<\/p>\n<p data-remotead-prev-elm=\"true\" data-remotead-elm-id=\"centro1\">O document\u00e1rio da \u00faltima temporada do Sporting vai ser publicado na quinta-feira.<\/p>\n","protected":false},"excerpt":{"rendered":"O Sporting divulgou, esta quarta-feira, mais um pequeno excerto do document\u00e1rio sobre o t\u00edtulo nacional conquistado na \u00e9poca&hellip;\n","protected":false},"author":2,"featured_media":114661,"comment_status":"","ping_status":"","sticky":false,"template":"","format":"standard","meta":{"footnotes":""},"categories":[140],"tags":[114,115,147,148,524,281,146,3001,32,33,34],"class_list":{"0":"post-114660","1":"post","2":"type-post","3":"status-publish","4":"format-standard","5":"has-post-thumbnail","7":"category-filmes","8":"tag-entertainment","9":"tag-entretenimento","10":"tag-film","11":"tag-filmes","12":"tag-futebol","13":"tag-i-liga","14":"tag-movies","15":"tag-multimedia","16":"tag-portugal","17":"tag-pt","18":"tag-sporting"},"share_on_mastodon":{"url":"","error":""},"_links":{"self":[{"href":"https:\/\/www.europesays.com\/pt\/wp-json\/wp\/v2\/posts\/114660","targetHints":{"allow":["GET"]}}],"collection":[{"href":"https:\/\/www.europesays.com\/pt\/wp-json\/wp\/v2\/posts"}],"about":[{"href":"https:\/\/www.europesays.com\/pt\/wp-json\/wp\/v2\/types\/post"}],"author":[{"embeddable":true,"href":"https:\/\/www.europesays.com\/pt\/wp-json\/wp\/v2\/users\/2"}],"replies":[{"embeddable":true,"href":"https:\/\/www.europesays.com\/pt\/wp-json\/wp\/v2\/comments?post=114660"}],"version-history":[{"count":0,"href":"https:\/\/www.europesays.com\/pt\/wp-json\/wp\/v2\/posts\/114660\/revisions"}],"wp:featuredmedia":[{"embeddable":true,"href":"https:\/\/www.europesays.com\/pt\/wp-json\/wp\/v2\/media\/114661"}],"wp:attachment":[{"href":"https:\/\/www.europesays.com\/pt\/wp-json\/wp\/v2\/media?parent=114660"}],"wp:term":[{"taxonomy":"category","embeddable":true,"href":"https:\/\/www.europesays.com\/pt\/wp-json\/wp\/v2\/categories?post=114660"},{"taxonomy":"post_tag","embeddable":true,"href":"https:\/\/www.europesays.com\/pt\/wp-json\/wp\/v2\/tags?post=114660"}],"curies":[{"name":"wp","href":"https:\/\/api.w.org\/{rel}","templated":true}]}}