{"id":114662,"date":"2025-10-17T13:14:18","date_gmt":"2025-10-17T13:14:18","guid":{"rendered":"https:\/\/www.europesays.com\/pt\/114662\/"},"modified":"2025-10-17T13:14:18","modified_gmt":"2025-10-17T13:14:18","slug":"quem-me-dera-ter-jogadores-a-ganhar-8-milhoes-por-ano-o-nosso-teto-salarial-e-de-4-milhoes-brutos","status":"publish","type":"post","link":"https:\/\/www.europesays.com\/pt\/114662\/","title":{"rendered":"\u201cQuem me dera ter jogadores a ganhar 8 milh\u00f5es por ano. O nosso teto salarial \u00e9 de 4 milh\u00f5es brutos\u201d"},"content":{"rendered":"<p>\t\t<img decoding=\"async\" src=\"https:\/\/www.europesays.com\/pt\/wp-content\/uploads\/2025\/10\/1760706856_742_thumbs.web.sapo.io\"  loading=\"true\"\/><\/p>\n<p>                        TOMASALMEIDA<\/p>\n<p>\u00c0 margem da \u00faltima gala da FPF, o presidente do FC Porto, Andr\u00e9 Villas-Boas, afirmou que o Benfica tinha v\u00e1rios jogadores com sal\u00e1rios superiores a oito milh\u00f5es de euros por ano. Rui Costa reagiu de imediato, classificando as declara\u00e7\u00f5es como falsas, e voltou agora a esclarecer o tema:<\/p>\n<p>\u201cQuem me dera ter jogadores a ganhar esse valor por ano. Era bom sinal\u201d, afirmou o presidente encarnado.<\/p>\n<p>Rui Costa garantiu que a realidade financeira do clube est\u00e1 longe desses n\u00fameros.<\/p>\n<p>\u201cTemos um teto salarial de quatro milh\u00f5es brutos e, com pr\u00e9mios, pode subir no m\u00e1ximo mais 500 mil euros. E isso j\u00e1 \u00e9 muito bom para n\u00f3s. S\u00f3 conseguimos chegar a esse patamar porque reduzimos o n\u00famero de jogadores emprestados, aos quais continu\u00e1vamos a pagar sal\u00e1rio, libertando margem para o plantel principal.\u201d<\/p>\n<p>O dirigente sublinha que a limita\u00e7\u00e3o salarial \u00e9 um reflexo da realidade do futebol portugu\u00eas, que continua a perder talento para mercados mais competitivos:<\/p>\n<p>\u201cSe algu\u00e9m disser que n\u00e3o vai vender este jogador, que vai amarrar aquele, est\u00e1 a mentir. Sei que os benfiquistas n\u00e3o gostam de ouvir isto, mas em todos os mercados \u00e9 natural que existam sa\u00eddas.\u201d<\/p>\n<p>\t\t<img decoding=\"async\" src=\"https:\/\/www.europesays.com\/pt\/wp-content\/uploads\/2025\/10\/1760706857_509_thumbs.web.sapo.io\"  loading=\"true\"\/><\/p>\n<p>                        TOMASALMEIDA<\/p>\n<p>Rui Costa aponta dois motivos principais para essas vendas.<\/p>\n<p>\u201cPrimeiro, h\u00e1 neg\u00f3cios imposs\u00edveis de rejeitar para um clube do campeonato portugu\u00eas. Tivemos agora o exemplo do Carreras, com o Real Madrid a pagar o valor da cl\u00e1usula [50 milh\u00f5es de euros]. Al\u00e9m disso, h\u00e1 o lado do pr\u00f3prio jogador.\u201d<\/p>\n<p>O presidente das \u00e1guias reconhece a dificuldade de competir com a for\u00e7a financeira dos grandes clubes europeus: \u201c\u00c9 muito dif\u00edcil convencer um jogador a ficar quando aparece um colosso financeiro a oferecer o dobro ou o triplo, por maior que seja a vontade do clube em mant\u00ea-lo.\u201d<\/p>\n<p>Ainda assim, Rui Costa prefere olhar para o lado positivo da evolu\u00e7\u00e3o do mercado. \u201c\u00c9 de elogiar que o Benfica e outros clubes, como o FC Porto, j\u00e1 consigam investir valores elevados em transfer\u00eancias para garantir um jogador. Esse \u00e9 um sinal de crescimento. Onde n\u00e3o podemos mesmo competir \u00e9 nos sal\u00e1rios. O Benfica \u00e9 um colosso europeu, mas n\u00e3o est\u00e1 no top 5 da Europa e n\u00e3o consegue acompanhar essas ofertas.\u201d<\/p>\n<p>\t\t<img decoding=\"async\" src=\"https:\/\/www.europesays.com\/pt\/wp-content\/uploads\/2025\/10\/1760706858_813_thumbs.web.sapo.io\"  loading=\"true\"\/><\/p>\n<p>                        SIC Not\u00edcias<\/p>\n<p>O futebol \u00e9 o ponto de partida nestas conversas sem fronteiras ou destino agendado. Todas as semanas, sempre \u00e0 quinta-feira, Lu\u00eds Aguilar entra em campo com um convidado diferente. O jogo come\u00e7a agora porque Ontem J\u00e1 Era Tarde.<\/p>\n","protected":false},"excerpt":{"rendered":"TOMASALMEIDA \u00c0 margem da \u00faltima gala da FPF, o presidente do FC Porto, Andr\u00e9 Villas-Boas, afirmou que o&hellip;\n","protected":false},"author":2,"featured_media":114663,"comment_status":"","ping_status":"","sticky":false,"template":"","format":"standard","meta":{"footnotes":""},"categories":[87],"tags":[135,32,33,134],"class_list":{"0":"post-114662","1":"post","2":"type-post","3":"status-publish","4":"format-standard","5":"has-post-thumbnail","7":"category-desporto","8":"tag-desporto","9":"tag-portugal","10":"tag-pt","11":"tag-sports"},"share_on_mastodon":{"url":"","error":""},"_links":{"self":[{"href":"https:\/\/www.europesays.com\/pt\/wp-json\/wp\/v2\/posts\/114662","targetHints":{"allow":["GET"]}}],"collection":[{"href":"https:\/\/www.europesays.com\/pt\/wp-json\/wp\/v2\/posts"}],"about":[{"href":"https:\/\/www.europesays.com\/pt\/wp-json\/wp\/v2\/types\/post"}],"author":[{"embeddable":true,"href":"https:\/\/www.europesays.com\/pt\/wp-json\/wp\/v2\/users\/2"}],"replies":[{"embeddable":true,"href":"https:\/\/www.europesays.com\/pt\/wp-json\/wp\/v2\/comments?post=114662"}],"version-history":[{"count":0,"href":"https:\/\/www.europesays.com\/pt\/wp-json\/wp\/v2\/posts\/114662\/revisions"}],"wp:featuredmedia":[{"embeddable":true,"href":"https:\/\/www.europesays.com\/pt\/wp-json\/wp\/v2\/media\/114663"}],"wp:attachment":[{"href":"https:\/\/www.europesays.com\/pt\/wp-json\/wp\/v2\/media?parent=114662"}],"wp:term":[{"taxonomy":"category","embeddable":true,"href":"https:\/\/www.europesays.com\/pt\/wp-json\/wp\/v2\/categories?post=114662"},{"taxonomy":"post_tag","embeddable":true,"href":"https:\/\/www.europesays.com\/pt\/wp-json\/wp\/v2\/tags?post=114662"}],"curies":[{"name":"wp","href":"https:\/\/api.w.org\/{rel}","templated":true}]}}