{"id":114678,"date":"2025-10-17T13:25:08","date_gmt":"2025-10-17T13:25:08","guid":{"rendered":"https:\/\/www.europesays.com\/pt\/114678\/"},"modified":"2025-10-17T13:25:08","modified_gmt":"2025-10-17T13:25:08","slug":"nunca-vi-uma-apresentadora-defender-tanto-uma-concorrente","status":"publish","type":"post","link":"https:\/\/www.europesays.com\/pt\/114678\/","title":{"rendered":"\u201cNunca vi uma apresentadora defender tanto uma concorrente!\u201d"},"content":{"rendered":"<p>Atenta ao <a href=\"https:\/\/tvi.iol.pt\/secretstory\" rel=\"nofollow noopener\" target=\"_blank\">Secret Story<\/a>, V\u00e2nia S\u00e1 arrasa Cristina Ferreira: \u201cNunca vi uma apresentadora defender tanto uma concorrente!\u201d, disse.<\/p>\n<p>V\u00e2nia S\u00e1 volta a comentar o \u201cSecret Story 9\u201d<\/p>\n<p>A ex-concorrente de reality shows <strong>V\u00e2nia S\u00e1<\/strong> continua atenta ao que se passa dentro e fora da casa do Secret Story 9. A empres\u00e1ria tem partilhado nas suas redes sociais <strong>opini\u00f5es diretas e sem filtros<\/strong> sobre as pol\u00e9micas do programa da <strong>TVI<\/strong>, e desta vez <strong>as cr\u00edticas foram dirigidas a Liliana e a Cristina Ferreira<\/strong>.<\/p>\n<p>Na tarde de <strong>quinta-feira, 16 de outubro<\/strong>, V\u00e2nia decidiu pronunciar-se novamente, deixando <strong>elogios \u00e0 concorrente<\/strong>, mas tamb\u00e9m <strong>ataques duros \u00e0 apresentadora<\/strong> do formato.<\/p>\n<p>\u201cLiliana foi a contrata\u00e7\u00e3o do ano\u201d<\/p>\n<p>Num primeiro momento, <strong>V\u00e2nia S\u00e1<\/strong> reconheceu o impacto que <strong>Liliana<\/strong>, natural de Lousada, tem tido na nova edi\u00e7\u00e3o do reality show.<br \/><strong>\u201cFoi a contrata\u00e7\u00e3o do ano\u201d<\/strong>, escreveu, acrescentando ainda que <strong>\u201c\u00e9 a pessoa mais popular\u201d<\/strong> dentro do programa.<\/p>\n<p>Contudo, logo a seguir, <strong>mudou o tom das suas declara\u00e7\u00f5es<\/strong> e apontou cr\u00edticas \u00e0 forma como <strong>Cristina Ferreira<\/strong> tem conduzido o formato.<\/p>\n<p>\u201cA Cristina Ferreira ama a Liliana\u201d<\/p>\n<p>Sem rodeios, V\u00e2nia S\u00e1 lan\u00e7ou farpas \u00e0 apresentadora, acusando-a de <strong>falta de imparcialidade<\/strong> nas suas interven\u00e7\u00f5es em direto.<br \/><strong>\u201cE a Cristina Ferreira, que \u00e9 a pessoa mais imparcial e ama a Liliana? Se calhar, noutra altura, quis fazer o que ela fez agora e n\u00e3o teve coragem.\u201d<\/strong>, afirmou.<\/p>\n<p>As palavras rapidamente chamaram a aten\u00e7\u00e3o dos seguidores, que <strong>dividiram opini\u00f5es entre o apoio \u00e0 empres\u00e1ria e a defesa de Cristina Ferreira<\/strong>.<\/p>\n<p>\u201cNunca vi uma apresentadora defender tanto uma concorrente\u201d<\/p>\n<p>A ex-concorrente foi ainda mais longe e refor\u00e7ou a sua cr\u00edtica ao comportamento da anfitri\u00e3 do Secret Story 9:<br \/><strong>\u201c\u00c9 que eu nunca vi uma apresentadora defender tanto uma concorrente! A Liliana est\u00e1 assim a dizer m*rda e a Cristina est\u00e1 sempre a defender! Uma apresentadora daquilo tem que ser imparcial, podem chamar a Maria Botelho Moniz, por favor?\u201d<\/strong>, atirou.<\/p>\n<p><a href=\"https:\/\/news.google.com\/publications\/CAAqBwgKMKfIoAswtNK4Aw\" target=\"_blank\" rel=\"noopener noreferrer nofollow\"><img loading=\"lazy\" data-lazyloaded=\"1\" width=\"481\" height=\"161\" decoding=\"async\" src=\"\/wp-content\/uploads\/2024\/02\/GN_siganos.png\" alt=\"Siga-nos no Google News\" style=\"margin-top:20px;\"\/><\/a><\/p>\n","protected":false},"excerpt":{"rendered":"Atenta ao Secret Story, V\u00e2nia S\u00e1 arrasa Cristina Ferreira: \u201cNunca vi uma apresentadora defender tanto uma concorrente!\u201d, disse.&hellip;\n","protected":false},"author":2,"featured_media":114679,"comment_status":"","ping_status":"","sticky":false,"template":"","format":"standard","meta":{"footnotes":""},"categories":[142],"tags":[2632,166,114,115,32,33,151,13319],"class_list":{"0":"post-114678","1":"post","2":"type-post","3":"status-publish","4":"format-standard","5":"has-post-thumbnail","7":"category-tv","8":"tag-casa-dos-segredos","9":"tag-cristina-ferreira","10":"tag-entertainment","11":"tag-entretenimento","12":"tag-portugal","13":"tag-pt","14":"tag-tv","15":"tag-vania-sa"},"share_on_mastodon":{"url":"","error":""},"_links":{"self":[{"href":"https:\/\/www.europesays.com\/pt\/wp-json\/wp\/v2\/posts\/114678","targetHints":{"allow":["GET"]}}],"collection":[{"href":"https:\/\/www.europesays.com\/pt\/wp-json\/wp\/v2\/posts"}],"about":[{"href":"https:\/\/www.europesays.com\/pt\/wp-json\/wp\/v2\/types\/post"}],"author":[{"embeddable":true,"href":"https:\/\/www.europesays.com\/pt\/wp-json\/wp\/v2\/users\/2"}],"replies":[{"embeddable":true,"href":"https:\/\/www.europesays.com\/pt\/wp-json\/wp\/v2\/comments?post=114678"}],"version-history":[{"count":0,"href":"https:\/\/www.europesays.com\/pt\/wp-json\/wp\/v2\/posts\/114678\/revisions"}],"wp:featuredmedia":[{"embeddable":true,"href":"https:\/\/www.europesays.com\/pt\/wp-json\/wp\/v2\/media\/114679"}],"wp:attachment":[{"href":"https:\/\/www.europesays.com\/pt\/wp-json\/wp\/v2\/media?parent=114678"}],"wp:term":[{"taxonomy":"category","embeddable":true,"href":"https:\/\/www.europesays.com\/pt\/wp-json\/wp\/v2\/categories?post=114678"},{"taxonomy":"post_tag","embeddable":true,"href":"https:\/\/www.europesays.com\/pt\/wp-json\/wp\/v2\/tags?post=114678"}],"curies":[{"name":"wp","href":"https:\/\/api.w.org\/{rel}","templated":true}]}}