{"id":114692,"date":"2025-10-17T13:34:30","date_gmt":"2025-10-17T13:34:30","guid":{"rendered":"https:\/\/www.europesays.com\/pt\/114692\/"},"modified":"2025-10-17T13:34:30","modified_gmt":"2025-10-17T13:34:30","slug":"miguel-sousa-tavares-concorda-com-goncalo-capitao-o-pedro-pinto-foi-depenado-no-algarve-saiu-pedro-pintainho","status":"publish","type":"post","link":"https:\/\/www.europesays.com\/pt\/114692\/","title":{"rendered":"Miguel Sousa Tavares concorda com Gon\u00e7alo Capit\u00e3o: &#8220;O Pedro Pinto foi depenado no Algarve. Saiu Pedro Pintainho&#8221;"},"content":{"rendered":"<p>\t                A an\u00e1lise \u00e0s elei\u00e7\u00f5es aut\u00e1rquicas com o comentador da TVI<\/p>\n<p style=\"margin-bottom:11px\">Gon\u00e7alo Capit\u00e3o fez a piada, mas Miguel Sousa Tavares acha que h\u00e1 raz\u00e3o por detr\u00e1s da interven\u00e7\u00e3o do deputado do PSD no Parlamento que, entretanto, se tornou viral.<\/p>\n<p>Na sua rubrica semanal do Jornal Nacional da TVI (do mesmo grupo da CNN Portugal), 5.\u00aa Coluna, o comentador v\u00ea no Chega um dos derrotados da noite eleitoral de domingo, em que o partido de Andr\u00e9 Ventura conquistou tr\u00eas C\u00e2maras, mais tr\u00eas que h\u00e1 quatro anos, mas muito menos que as 30 que chegou a perspetivar.<\/p>\n<p>O caso de Faro \u00e9, para Miguel Sousa Tavares, um dos mais paradigm\u00e1ticos. Era por l\u00e1, num distrito em que o Chega venceu as \u00faltimas duas elei\u00e7\u00f5es legislativas, que corria o l\u00edder da bancada parlamentar do partido, Pedro Pinto, que n\u00e3o foi al\u00e9m de um terceiro lugar, bem longe dos primeiros dois.<\/p>\n<p>\u201cO Pedro Pinto foi depenado no Algarve, completamente. Saiu Pedro Pintainho\u201d, apontou o comentador da TVI, que tamb\u00e9m d\u00e1 raz\u00e3o \u00e0 vis\u00e3o de que o Chega passou de \u201cmiser\u00e1vel a pobre\u201d.<\/p>\n<p>Num olhar mais geral, Miguel Sousa Tavares concorda que Lu\u00eds Montenegro e o PSD foram os grandes vencedores da noite. \u00c9 o \u201cvencedor incontest\u00e1vel\u201d, enquanto o PS depende de como se v\u00ea o copo, se meio cheio, se meio vazio.<\/p>\n<p>Sobre o Bloco de Esquerda, o comentador v\u00ea ali um partido \u201cque j\u00e1 est\u00e1 morto e que morreu nas elei\u00e7\u00f5es\u201d, admitindo surpresa com a aus\u00eancia de uma demiss\u00e3o de Mariana Mort\u00e1gua.<\/p>\n<p>Miguel Sousa Tavares estranhou ainda mais foi a coliga\u00e7\u00e3o feita com PS, Bloco de Esquerda e PAN, indicando que foram os socialistas quem mais perderam.<\/p>\n<p>Quanto \u00e0 CDU, o comentador admite que pode ter perdido mais do que esperava, pelo que tamb\u00e9m \u00e9 um derrotado das elei\u00e7\u00f5es, como vai ser \u201cde elei\u00e7\u00e3o em elei\u00e7\u00e3o\u201d, at\u00e9 porque os discursos dos secret\u00e1rios-gerais do PCP s\u00e3o sempre os mesmos, agora a liderar um \u201cpartido cego\u201d.<\/p>\n","protected":false},"excerpt":{"rendered":"A an\u00e1lise \u00e0s elei\u00e7\u00f5es aut\u00e1rquicas com o comentador da TVI Gon\u00e7alo Capit\u00e3o fez a piada, mas Miguel Sousa&hellip;\n","protected":false},"author":2,"featured_media":61145,"comment_status":"","ping_status":"","sticky":false,"template":"","format":"standard","meta":{"footnotes":""},"categories":[10],"tags":[12271,609,836,611,15187,27,28,607,608,333,832,604,135,610,476,2258,15,16,26937,301,830,14,603,25,26,570,21,22,831,833,12270,62,834,12,13,19,20,835,602,52,32,23,24,33,17,18,29,30,31],"class_list":{"0":"post-114692","1":"post","2":"type-post","3":"status-publish","4":"format-standard","5":"has-post-thumbnail","7":"category-portugal","8":"tag-5-a-coluna","9":"tag-alerta","10":"tag-analise","11":"tag-ao-minuto","12":"tag-autarquicas","13":"tag-breaking-news","14":"tag-breakingnews","15":"tag-cnn","16":"tag-cnn-portugal","17":"tag-comentadores","18":"tag-costa","19":"tag-crime","20":"tag-desporto","21":"tag-direto","22":"tag-economia","23":"tag-eleicoes","24":"tag-featured-news","25":"tag-featurednews","26":"tag-goncalo-capitao","27":"tag-governo","28":"tag-guerra","29":"tag-headlines","30":"tag-justica","31":"tag-latest-news","32":"tag-latestnews","33":"tag-live","34":"tag-main-news","35":"tag-mainnews","36":"tag-mais-vistas","37":"tag-marcelo","38":"tag-miguel-sousa-tavares","39":"tag-mundo","40":"tag-negocios","41":"tag-news","42":"tag-noticias","43":"tag-noticias-principais","44":"tag-noticiasprincipais","45":"tag-opiniao","46":"tag-pais","47":"tag-politica","48":"tag-portugal","49":"tag-principais-noticias","50":"tag-principaisnoticias","51":"tag-pt","52":"tag-top-stories","53":"tag-topstories","54":"tag-ultimas","55":"tag-ultimas-noticias","56":"tag-ultimasnoticias"},"share_on_mastodon":{"url":"","error":""},"_links":{"self":[{"href":"https:\/\/www.europesays.com\/pt\/wp-json\/wp\/v2\/posts\/114692","targetHints":{"allow":["GET"]}}],"collection":[{"href":"https:\/\/www.europesays.com\/pt\/wp-json\/wp\/v2\/posts"}],"about":[{"href":"https:\/\/www.europesays.com\/pt\/wp-json\/wp\/v2\/types\/post"}],"author":[{"embeddable":true,"href":"https:\/\/www.europesays.com\/pt\/wp-json\/wp\/v2\/users\/2"}],"replies":[{"embeddable":true,"href":"https:\/\/www.europesays.com\/pt\/wp-json\/wp\/v2\/comments?post=114692"}],"version-history":[{"count":0,"href":"https:\/\/www.europesays.com\/pt\/wp-json\/wp\/v2\/posts\/114692\/revisions"}],"wp:featuredmedia":[{"embeddable":true,"href":"https:\/\/www.europesays.com\/pt\/wp-json\/wp\/v2\/media\/61145"}],"wp:attachment":[{"href":"https:\/\/www.europesays.com\/pt\/wp-json\/wp\/v2\/media?parent=114692"}],"wp:term":[{"taxonomy":"category","embeddable":true,"href":"https:\/\/www.europesays.com\/pt\/wp-json\/wp\/v2\/categories?post=114692"},{"taxonomy":"post_tag","embeddable":true,"href":"https:\/\/www.europesays.com\/pt\/wp-json\/wp\/v2\/tags?post=114692"}],"curies":[{"name":"wp","href":"https:\/\/api.w.org\/{rel}","templated":true}]}}