{"id":114703,"date":"2025-10-17T13:42:09","date_gmt":"2025-10-17T13:42:09","guid":{"rendered":"https:\/\/www.europesays.com\/pt\/114703\/"},"modified":"2025-10-17T13:42:09","modified_gmt":"2025-10-17T13:42:09","slug":"flick-e-a-polemica-com-deco-por-causa-de-yamal-e-uma-grande-m","status":"publish","type":"post","link":"https:\/\/www.europesays.com\/pt\/114703\/","title":{"rendered":"Flick e a pol\u00e9mica com Deco por causa de Yamal: \u00ab\u00c9 uma grande m****!\u00bb"},"content":{"rendered":"<p>Claramente incomodado com a situa\u00e7\u00e3o, o treinador do <a class=\"autolink-enabled\" data-resource-id=\"205\" data-resource-type=\"team\" data-sport=\"football\" href=\"https:\/\/www.abola.pt\/futebol\/barcelona-205\" rel=\"nofollow noopener\" target=\"_blank\">Barcelona<\/a>, Hansi Flick, n\u00e3o teve papas na l\u00edngua no instante em que, ao in\u00edcio da tarde desta sexta-feira, foi questionado pela imprensa espanhola sobre a pol\u00e9mica com Deco, diretor-desportivo dos blaugrana, por causa de <a class=\"autolink-enabled\" data-resource-id=\"278302\" data-resource-type=\"player\" data-sport=\"football\" href=\"https:\/\/www.abola.pt\/futebol\/jogador\/lamine-yamal-278302\" rel=\"nofollow noopener\" target=\"_blank\">Lamine Yamal<\/a>.<\/p>\n<p>Em confer\u00eancia de imprensa de antevis\u00e3o ao duelo com o <a class=\"autolink-enabled\" data-resource-id=\"697\" data-resource-type=\"team\" data-sport=\"football\" href=\"https:\/\/www.abola.pt\/futebol\/girona-697\" rel=\"nofollow noopener\" target=\"_blank\">Girona<\/a>, agendado para este s\u00e1bado e integrado na 9.\u00aa jornada de <a class=\"autolink-enabled\" data-resource-id=\"5\" data-resource-type=\"competition\" data-sport=\"football\" href=\"https:\/\/www.abola.pt\/futebol\/competicao\/laliga-5\" rel=\"nofollow noopener\" target=\"_blank\">LaLiga<\/a>, o t\u00e9cnico alem\u00e3o n\u00e3o se conteve.<\/p>\n<p>\u00abOnde ouvem estas coisas? Como sabem o que se passa no clube? Sabem o que acho. Acho uma grande m****! Aprecio verdadeiramente a minha rela\u00e7\u00e3o com Deco\u00bb, disse Flick, visivelmente irritado com a quest\u00e3o.<\/p>\n<p>\u00abTenho a confian\u00e7a total nos elementos da estrutura do Barcelona. Esse \u00e9 um rumor sem sentido. \u00c9 lixo! Lixo!\u00bb, repetiu, conclu\u00edndo: \u00abSe algu\u00e9m vos contou isso&#8230; \u00e9 mentira!\u00bb<\/p>\n","protected":false},"excerpt":{"rendered":"Claramente incomodado com a situa\u00e7\u00e3o, o treinador do Barcelona, Hansi Flick, n\u00e3o teve papas na l\u00edngua no instante&hellip;\n","protected":false},"author":2,"featured_media":114704,"comment_status":"","ping_status":"","sticky":false,"template":"","format":"standard","meta":{"footnotes":""},"categories":[87],"tags":[135,32,33,134],"class_list":{"0":"post-114703","1":"post","2":"type-post","3":"status-publish","4":"format-standard","5":"has-post-thumbnail","7":"category-desporto","8":"tag-desporto","9":"tag-portugal","10":"tag-pt","11":"tag-sports"},"share_on_mastodon":{"url":"","error":""},"_links":{"self":[{"href":"https:\/\/www.europesays.com\/pt\/wp-json\/wp\/v2\/posts\/114703","targetHints":{"allow":["GET"]}}],"collection":[{"href":"https:\/\/www.europesays.com\/pt\/wp-json\/wp\/v2\/posts"}],"about":[{"href":"https:\/\/www.europesays.com\/pt\/wp-json\/wp\/v2\/types\/post"}],"author":[{"embeddable":true,"href":"https:\/\/www.europesays.com\/pt\/wp-json\/wp\/v2\/users\/2"}],"replies":[{"embeddable":true,"href":"https:\/\/www.europesays.com\/pt\/wp-json\/wp\/v2\/comments?post=114703"}],"version-history":[{"count":0,"href":"https:\/\/www.europesays.com\/pt\/wp-json\/wp\/v2\/posts\/114703\/revisions"}],"wp:featuredmedia":[{"embeddable":true,"href":"https:\/\/www.europesays.com\/pt\/wp-json\/wp\/v2\/media\/114704"}],"wp:attachment":[{"href":"https:\/\/www.europesays.com\/pt\/wp-json\/wp\/v2\/media?parent=114703"}],"wp:term":[{"taxonomy":"category","embeddable":true,"href":"https:\/\/www.europesays.com\/pt\/wp-json\/wp\/v2\/categories?post=114703"},{"taxonomy":"post_tag","embeddable":true,"href":"https:\/\/www.europesays.com\/pt\/wp-json\/wp\/v2\/tags?post=114703"}],"curies":[{"name":"wp","href":"https:\/\/api.w.org\/{rel}","templated":true}]}}