{"id":114719,"date":"2025-10-17T13:59:15","date_gmt":"2025-10-17T13:59:15","guid":{"rendered":"https:\/\/www.europesays.com\/pt\/114719\/"},"modified":"2025-10-17T13:59:15","modified_gmt":"2025-10-17T13:59:15","slug":"charli-xcx-comenta-sobre-sua-vida-apos-casamento","status":"publish","type":"post","link":"https:\/\/www.europesays.com\/pt\/114719\/","title":{"rendered":"Charli XCX comenta sobre sua vida ap\u00f3s casamento"},"content":{"rendered":"<p style=\"text-align: justify;\">A cantora <strong>Charli XCX<\/strong> concedeu uma nova entrevista de capa para a Vanity Fair e falou sobre casamento.<\/p>\n<p style=\"text-align: justify;\">A artista casou-se com George Daniel, do grupo The 1975, em Londres, em julho, seguido por uma segunda cerim\u00f4nia na It\u00e1lia no m\u00eas passado.<\/p>\n<p style=\"text-align: justify;\">\u201c\u00c9 legal se casar\u201d, disse ao ve\u00edculo, que relata que Charli comprou seu vestido Vivienne Westwood apenas cinco dias antes da cerim\u00f4nia no Hackney Town Hall.<\/p>\n<p style=\"text-align: justify;\">\u201cPara ser sincera, eu nunca vi isso acontecer\u201c, acrescentou Charli sobre o casamento, observando que seus pais, Jon e Shameera Aitchison, s\u00f3 se casaram quando ela tinha 16 anos. \u201cAcho que um dia eles estavam, tipo, sentindo\u2026 E eu acho isso t\u00e3o fofo.\u201d<\/p>\n<p style=\"text-align: justify;\">Segundo a People, embora a primeira cerim\u00f4nia de Charli e Daniel tenha sido discreta, eles fizeram uma segunda celebra\u00e7\u00e3o na Sic\u00edlia no m\u00eas passado.<\/p>\n<p style=\"text-align: justify;\">\u201cFoi legal nos sentirmos t\u00e3o apaixonados e fazer as coisas do nosso jeito\u201c, disse Charli XCX \u00e0 VF. \u201cN\u00f3s dois meio que quer\u00edamos n\u00e3o sentir a press\u00e3o das coisas que voc\u00ea deveria sentir quando se casa.\u201d<\/p>\n<p style=\"text-align: justify;\">Vale destacar que a cantora queria evitar a sensa\u00e7\u00e3o de que \u201ceste \u00e9 o dia da sua vida como mulher\u201d e, em vez disso, queria encarar o casamento como \u201capenas mais um dia legal\u201d.<\/p>\n<p>Charli XCX reflete sobre carreira e autenticidade<\/p>\n<p style=\"text-align: justify;\">Nesta ter\u00e7a-feira (14), a cantora\u00a0Charli xcx\u00a0concedeu uma entrevista \u00e0 revista Vanity Fair. Durante a conversa, a artista respons\u00e1vel pelo \u00e1lbum brat (2024) falou sobre sua trajet\u00f3ria na m\u00fasica, refletiu sobre suas escolhas criativas e compartilhou suas impress\u00f5es sobre os desafios e conven\u00e7\u00f5es do mercado musical contempor\u00e2neo.<\/p>\n<p style=\"text-align: justify;\">Em um momento da entrevista,\u00a0Charli xcx\u00a0abordou os objetivos que sempre a guiaram, revelando de maneira honesta as motiva\u00e7\u00f5es que moldaram sua carreira e os conflitos internos que enfrentou ao longo do tempo. Ela explicou como sua vis\u00e3o art\u00edstica nem sempre se alinhou com os padr\u00f5es da ind\u00fastria, mas que seu foco sempre foi criar m\u00fasica de acordo com suas pr\u00f3prias regras e autenticidade:<\/p>\n<p style=\"text-align: justify;\">\u201cEu nem acho que meu principal impulso tenha sido: \u2018Quero ser a maior pop star do mundo\u2019 ou algo assim. Sempre quis apenas fazer m\u00fasica do meu jeito e que o m\u00e1ximo de pessoas poss\u00edvel ouvisse, o que parece bem simples. Mas acho que lutei muito ao longo dos anos, porque nunca me senti pertencendo a algum lugar.\u201d<\/p>\n<p style=\"text-align: justify;\">A cantora tamb\u00e9m refletiu sobre a tens\u00e3o que sempre existiu entre se manter como uma artista alternativa e underground ou se tornar um produto comercial de grande alcance, mostrando como essa dualidade influenciou suas decis\u00f5es art\u00edsticas e sua rela\u00e7\u00e3o com a fama. Ela compartilhou sua percep\u00e7\u00e3o sobre como chegou a aceitar essa indefini\u00e7\u00e3o e o impacto disso em sua evolu\u00e7\u00e3o musical:<\/p>\n<p style=\"text-align: justify;\">\u201cEu deveria ser essa artista alternativa underground ou tentar ser esse pacote comercial? E acho que, antes de \u2018Brat\u2019, eu simplesmente desisti de brigar comigo mesma sobre isso.\u201d<\/p>\n","protected":false},"excerpt":{"rendered":"A cantora Charli XCX concedeu uma nova entrevista de capa para a Vanity Fair e falou sobre casamento.&hellip;\n","protected":false},"author":2,"featured_media":114720,"comment_status":"","ping_status":"","sticky":false,"template":"","format":"standard","meta":{"footnotes":""},"categories":[141],"tags":[10417,1435,26939,26941,114,115,149,150,32,33,7375,26942,3192,26940],"class_list":{"0":"post-114719","1":"post","2":"type-post","3":"status-publish","4":"format-standard","5":"has-post-thumbnail","7":"category-musica","8":"tag-ap","9":"tag-casamento","10":"tag-charli","11":"tag-comenta","12":"tag-entertainment","13":"tag-entretenimento","14":"tag-music","15":"tag-musica","16":"tag-portugal","17":"tag-pt","18":"tag-s","19":"tag-sua","20":"tag-vida","21":"tag-xcx"},"share_on_mastodon":{"url":"","error":""},"_links":{"self":[{"href":"https:\/\/www.europesays.com\/pt\/wp-json\/wp\/v2\/posts\/114719","targetHints":{"allow":["GET"]}}],"collection":[{"href":"https:\/\/www.europesays.com\/pt\/wp-json\/wp\/v2\/posts"}],"about":[{"href":"https:\/\/www.europesays.com\/pt\/wp-json\/wp\/v2\/types\/post"}],"author":[{"embeddable":true,"href":"https:\/\/www.europesays.com\/pt\/wp-json\/wp\/v2\/users\/2"}],"replies":[{"embeddable":true,"href":"https:\/\/www.europesays.com\/pt\/wp-json\/wp\/v2\/comments?post=114719"}],"version-history":[{"count":0,"href":"https:\/\/www.europesays.com\/pt\/wp-json\/wp\/v2\/posts\/114719\/revisions"}],"wp:featuredmedia":[{"embeddable":true,"href":"https:\/\/www.europesays.com\/pt\/wp-json\/wp\/v2\/media\/114720"}],"wp:attachment":[{"href":"https:\/\/www.europesays.com\/pt\/wp-json\/wp\/v2\/media?parent=114719"}],"wp:term":[{"taxonomy":"category","embeddable":true,"href":"https:\/\/www.europesays.com\/pt\/wp-json\/wp\/v2\/categories?post=114719"},{"taxonomy":"post_tag","embeddable":true,"href":"https:\/\/www.europesays.com\/pt\/wp-json\/wp\/v2\/tags?post=114719"}],"curies":[{"name":"wp","href":"https:\/\/api.w.org\/{rel}","templated":true}]}}