{"id":114730,"date":"2025-10-17T14:15:14","date_gmt":"2025-10-17T14:15:14","guid":{"rendered":"https:\/\/www.europesays.com\/pt\/114730\/"},"modified":"2025-10-17T14:15:14","modified_gmt":"2025-10-17T14:15:14","slug":"gracyanne-barbosa-e-joao-vicente-de-castro-entenda-a-historia-do-suposto-affair","status":"publish","type":"post","link":"https:\/\/www.europesays.com\/pt\/114730\/","title":{"rendered":"Gracyanne Barbosa e Jo\u00e3o Vicente de Castro: entenda a hist\u00f3ria do suposto affair"},"content":{"rendered":"<p>                        <img width=\"944\" height=\"531\" src=\"https:\/\/www.europesays.com\/pt\/wp-content\/uploads\/2025\/10\/Gracyanne-Barbosa-e-Joao-Vicente-de-Castro-entenda-a-historia-do-suposto-affair-944x531.jpg\" class=\"attachment-custom-large size-custom-large article-featured-image\" alt=\"Gracyanne Barbosa e Jo\u00e3o Vicente de Castro entenda a hist\u00f3ria do suposto affair\" fetchpriority=\"high\" decoding=\"async\"  \/><\/p>\n<p>Gracyanne Barbosa e Jo\u00e3o Vicente de Castro tiveram que desmentir informa\u00e7\u00f5es (Fotos: Reprodu\u00e7\u00e3o, Redes Sociais)<\/p>\n<p>O nome de Gracyanne Barbosa n\u00e3o sai da m\u00eddia. Desde que se machucou e precisou sair do Dan\u00e7a dos Famosos, Gracy segue sendo not\u00edcia todos os dias. Seja por sua atual forma f\u00edsica, seja por ter sido <strong><a href=\"https:\/\/www.nsctotal.com.br\/noticias\/gracyanne-barbosa-e-rendida-por-criminosos-armados-e-tem-carro-roubado-no-rio\" target=\"_blank\" rel=\"noreferrer noopener nofollow\">assaltada<\/a><\/strong>, e nesta quinta-feira (16), pelos rumores de um affair com o ator Jo\u00e3o Vicente de Castro.<\/p>\n<p>Continua depois da publicidade<\/p>\n<p>Tudo come\u00e7ou depois que o programa Fofocalizando, do SBT, afirmou que os dois estavam se conhecendo melhor.  O Portal Leo Dias tamb\u00e9m deu a informa\u00e7\u00e3o. Jo\u00e3o Vicente de Castro entrou em contato com o pr\u00f3prio Leo Dias para desmentir a informa\u00e7\u00e3o. O ator falou tamb\u00e9m com a Revista Quem.<\/p>\n<p>\u201cA gente est\u00e1 tentando entender de onde saiu. Realmente, \u00e9 uma das coisas mais loucas que ouvi na minha vida. Encontrei ela duas vezes. Uma fofa, maravilhosa, mas nunca beijei. Fiquei muito surpreso. Queria saber de onde veio isso. Acho ela uma querida, mas nunca ficamos\u201d, declarou o ator.<\/p>\n<p>Depois disso, foi a vez de Gracyanne tamb\u00e9m desmentir a hist\u00f3ria que os dois estavam tendo um caso.<\/p>\n<p>Continua depois da publicidade<\/p>\n<p>\u201cN\u00e3o sei de onde surgiu isso. N\u00e3o falei nada sobre ele [Jo\u00e3o] ao programa. O conhe\u00e7o de vista. Admiro o trabalho, mas apenas isso. Estou com algu\u00e9m, n\u00e3o estou namorando e n\u00e3o \u00e9 o Jo\u00e3o. Ele deve ter dito isso tamb\u00e9m. Obrigada por ter procurado a verdade\u201d, disse Gracy para a Revista Quem.<\/p>\n<p>Em seguida, tudo acabou em brincadeira. Jo\u00e3o Vicente, F\u00e1bio Porchat e Greg\u00f3rio Duvivier brincaram com a situa\u00e7\u00e3o e gravaram um v\u00eddeo em que Jo\u00e3o Vicente estava se envolvendo com Porchat. \u201cN\u00e3o \u00e9 nada disso que voc\u00ea est\u00e1 pensando, Gracy\u201d, escreveu o apresentador do Que hist\u00f3ria \u00e9 essa, Porchat?!.<\/p>\n<p>Veja as fotos de Gracyanne Barbosa 1<\/p>\n<p>VoltarAvan\u00e7ar<\/p>\n<p><img loading=\"lazy\" decoding=\"async\" width=\"1200\" height=\"675\" data-id=\"7687646\" src=\"https:\/\/www.europesays.com\/pt\/wp-content\/uploads\/2025\/10\/gracyanne-5.jpg\" alt=\"\" class=\"wp-image-7687646\"  \/><\/p>\n<p>Gracyanne Barbosa sofreu uma les\u00e3o durante o Dan\u00e7a dos Famosos (Foto: Redes sociais, Reprodu\u00e7\u00e3o)<\/p>\n<p><img loading=\"lazy\" decoding=\"async\" width=\"1200\" height=\"675\" data-id=\"7687644\" src=\"https:\/\/www.europesays.com\/pt\/wp-content\/uploads\/2025\/10\/gracyanne-4.jpg\" alt=\"\" class=\"wp-image-7687644\"  \/><\/p>\n<p>Gracyanne treinando a perna que n\u00e3o passou por cirurgia (Foto: Redes sociais, Reprodu\u00e7\u00e3o)<\/p>\n<p><img loading=\"lazy\" decoding=\"async\" width=\"1200\" height=\"675\" data-id=\"7687647\" src=\"https:\/\/www.europesays.com\/pt\/wp-content\/uploads\/2025\/10\/gracyanne-3.jpg\" alt=\"\" class=\"wp-image-7687647\"  \/><\/p>\n<p>Gracyanne mostra como est\u00e1 o joelho (Foto: Redes sociais, Reprodu\u00e7\u00e3o)<\/p>\n<p><img loading=\"lazy\" decoding=\"async\" width=\"1200\" height=\"675\" data-id=\"7687648\" src=\"https:\/\/www.europesays.com\/pt\/wp-content\/uploads\/2025\/10\/1760710513_966_gracyanne-2.jpg\" alt=\"\" class=\"wp-image-7687648\"  \/><\/p>\n<p>A influenciadora faz exerc\u00edcios para a perna (Foto: Redes sociais, Reprodu\u00e7\u00e3o)<\/p>\n<p><img loading=\"lazy\" decoding=\"async\" width=\"1200\" height=\"675\" data-id=\"7687645\" src=\"https:\/\/www.europesays.com\/pt\/wp-content\/uploads\/2025\/10\/gracyanne-1.jpg\" alt=\"\" class=\"wp-image-7687645\"  \/><\/p>\n<p>Ela tirou os pontos da cirurgia nesta segunda-feira (Foto: Redes sociais, Reprodu\u00e7\u00e3o)<\/p>\n<p>Voc\u00ea pode gostar de ver tamb\u00e9m que <strong><a href=\"https:\/\/www.nsctotal.com.br\/noticias\/gracyanne-barbosa-vai-de-andador-ao-domingao-e-recebe-convite-para-danca-dos-famosos-2026\" target=\"_blank\" rel=\"noreferrer noopener nofollow\">Gracyanne Barbosa vai de andador ao Doming\u00e3o e recebe convite para Dan\u00e7a dos Famosos 2026<\/a><\/strong> e <strong><a href=\"https:\/\/www.nsctotal.com.br\/noticias\/o-que-mudou-no-corpo-de-gracyanne-barbosa-depois-da-danca-dos-famosos-e-da-cirurgia\" target=\"_blank\" rel=\"noreferrer noopener nofollow\">o que mudou no corpo de Gracyanne Barbosa depois da Dan\u00e7a dos Famosos e da cirurgia<\/a><\/strong>.<\/p>\n<p>Continua depois da publicidade<\/p>\n","protected":false},"excerpt":{"rendered":"Gracyanne Barbosa e Jo\u00e3o Vicente de Castro tiveram que desmentir informa\u00e7\u00f5es (Fotos: Reprodu\u00e7\u00e3o, Redes Sociais) O nome de&hellip;\n","protected":false},"author":2,"featured_media":114731,"comment_status":"","ping_status":"","sticky":false,"template":"","format":"standard","meta":{"footnotes":""},"categories":[145],"tags":[211,210,114,115,32,33,794],"class_list":{"0":"post-114730","1":"post","2":"type-post","3":"status-publish","4":"format-standard","5":"has-post-thumbnail","7":"category-celebridades","8":"tag-celebridades","9":"tag-celebrities","10":"tag-entertainment","11":"tag-entretenimento","12":"tag-portugal","13":"tag-pt","14":"tag-voce-viu"},"share_on_mastodon":{"url":"","error":""},"_links":{"self":[{"href":"https:\/\/www.europesays.com\/pt\/wp-json\/wp\/v2\/posts\/114730","targetHints":{"allow":["GET"]}}],"collection":[{"href":"https:\/\/www.europesays.com\/pt\/wp-json\/wp\/v2\/posts"}],"about":[{"href":"https:\/\/www.europesays.com\/pt\/wp-json\/wp\/v2\/types\/post"}],"author":[{"embeddable":true,"href":"https:\/\/www.europesays.com\/pt\/wp-json\/wp\/v2\/users\/2"}],"replies":[{"embeddable":true,"href":"https:\/\/www.europesays.com\/pt\/wp-json\/wp\/v2\/comments?post=114730"}],"version-history":[{"count":0,"href":"https:\/\/www.europesays.com\/pt\/wp-json\/wp\/v2\/posts\/114730\/revisions"}],"wp:featuredmedia":[{"embeddable":true,"href":"https:\/\/www.europesays.com\/pt\/wp-json\/wp\/v2\/media\/114731"}],"wp:attachment":[{"href":"https:\/\/www.europesays.com\/pt\/wp-json\/wp\/v2\/media?parent=114730"}],"wp:term":[{"taxonomy":"category","embeddable":true,"href":"https:\/\/www.europesays.com\/pt\/wp-json\/wp\/v2\/categories?post=114730"},{"taxonomy":"post_tag","embeddable":true,"href":"https:\/\/www.europesays.com\/pt\/wp-json\/wp\/v2\/tags?post=114730"}],"curies":[{"name":"wp","href":"https:\/\/api.w.org\/{rel}","templated":true}]}}