{"id":114755,"date":"2025-10-17T14:40:19","date_gmt":"2025-10-17T14:40:19","guid":{"rendered":"https:\/\/www.europesays.com\/pt\/114755\/"},"modified":"2025-10-17T14:40:19","modified_gmt":"2025-10-17T14:40:19","slug":"6-motivos-importantes-para-manter-as-vacinas-em-dia","status":"publish","type":"post","link":"https:\/\/www.europesays.com\/pt\/114755\/","title":{"rendered":"6 motivos importantes para manter as vacinas em dia"},"content":{"rendered":"<p><img fetchpriority=\"high\" decoding=\"async\" class=\"w-fit lg:w-full\" loading=\"eager\" src=\"https:\/\/www.europesays.com\/pt\/wp-content\/uploads\/2025\/10\/5489119_7d6e5e5534f903d.jpg\" title=\"Gorodenkoff \/ Shutterstock | Portal EdiCase\" alt=\"Gorodenkoff \/ Shutterstock | Portal EdiCase\" width=\"700\" height=\"477\"\/>As vacinas s\u00e3o essenciais para a prote\u00e7\u00e3o contra doen\u00e7as Gorodenkoff \/ Shutterstock | Portal EdiCase<\/p>\n<p>O Dia Nacional da Vacina\u00e7\u00e3o, celebrado em 17 de outubro, refor\u00e7a a import\u00e2ncia das vacinas para a sa\u00fade individual e coletiva, destacando seu papel essencial na preven\u00e7\u00e3o, controle e at\u00e9 erradica\u00e7\u00e3o de diversas doen\u00e7as. A data serve como um lembrete de que a imuniza\u00e7\u00e3o \u00e9 uma das formas mais eficazes de proteger a si e \u00e0 comunidade, evitando surtos e reduzindo a circula\u00e7\u00e3o de v\u00edrus e bact\u00e9rias.<\/p>\n<p>Manter o calend\u00e1rio vacinal em dia \u00e9 uma atitude de responsabilidade com a pr\u00f3pria sa\u00fade e com o bem-estar de todos. No entanto, dados do Anu\u00e1rio VacinaBR 2025, elaborado pelo Instituto Quest\u00e3o de Ci\u00eancia (IQC), mostram que vacinas que exigem m\u00faltiplas doses, como a tr\u00edplice viral, apresentam altas taxas de evas\u00e3o entre a primeira e a segunda aplica\u00e7\u00e3o, ultrapassando 50% em alguns estados.<\/p>\n<p>Abaixo, a alergista e imunologista Brianna Nicoletti lista motivos importantes para manter as vacinas em dia. Confira!<\/p>\n<p>1. Vacina\u00e7\u00e3o \u00e9 para todas as idades<\/p>\n<p>Segundo Brianna Nicoletti, o cuidado com a<strong> imuniza\u00e7\u00e3o <\/strong>deve acompanhar todas as fases da vida \u2014 da inf\u00e2ncia \u00e0 terceira idade. \u201cMuitas pessoas acreditam que a vacina\u00e7\u00e3o \u00e9 importante apenas para crian\u00e7as, mas ela \u00e9 necess\u00e1ria em todas as idades. Manter as vacinas em dia protege contra doen\u00e7as graves, reduz complica\u00e7\u00f5es e ainda ajuda a controlar a circula\u00e7\u00e3o de v\u00edrus e bact\u00e9rias na comunidade\u201d, afirma.<\/p>\n<p>2. A imunidade coletiva protege quem n\u00e3o pode ser vacinado<\/p>\n<p>A especialista ressalta que se vacinar \u00e9 um ato de responsabilidade social, que ajuda a proteger os mais vulner\u00e1veis. \u201cQuando uma parcela significativa da popula\u00e7\u00e3o est\u00e1 imunizada, aqueles que n\u00e3o podem ser vacinados, como pessoas imunodeprimidas ou beb\u00eas muito pequenos, tamb\u00e9m ficam protegidos\u201d, explica.<\/p>\n<p>3. Refor\u00e7os e doses adicionais s\u00e3o essenciais<\/p>\n<p>Al\u00e9m das vacinas da inf\u00e2ncia, \u00e9 importante manter o calend\u00e1rio atualizado ao longo da vida, com doses de refor\u00e7o que garantem a <strong>prote\u00e7\u00e3o cont\u00ednua.<\/strong> \u201cAlgumas vacinas exigem refor\u00e7o ao longo da vida para garantir prote\u00e7\u00e3o completa. O acompanhamento com o m\u00e9dico \u00e9 fundamental para n\u00e3o deixar lacunas na imuniza\u00e7\u00e3o\u201d, alerta Brianna Nicoletti.<\/p>\n<p><img decoding=\"async\" class=\"w-fit lg:w-full\" loading=\"eager\" src=\"https:\/\/www.europesays.com\/pt\/wp-content\/uploads\/2025\/10\/5489120_eee1452b1d0fb47.jpg\" title=\"Africa Studio \/ Shutterstock | Portal EdiCase\" alt=\"Africa Studio \/ Shutterstock | Portal EdiCase\" width=\"700\" height=\"477\"\/>As vacinas passam por rigorosos testes de efic\u00e1cia e seguran\u00e7a antes de serem disponibilizadas para a popula\u00e7\u00e3o Africa Studio \/ Shutterstock | Portal EdiCase<\/p>\n<p>4. Vacinas s\u00e3o seguras e eficazes<\/p>\n<p>A imunologista refor\u00e7a que a vacina\u00e7\u00e3o \u00e9 um ato seguro, baseado em d\u00e9cadas de pesquisa e evid\u00eancias cient\u00edficas. \u201cTodos os imunizantes aprovados passam por rigorosos testes de efic\u00e1cia e seguran\u00e7a antes de serem disponibilizados. Os efeitos colaterais s\u00e3o geralmente leves e tempor\u00e1rios, muito menores que os riscos das doen\u00e7as que previnem\u201d, destaca.<\/p>\n<p>5. Manter a vacina\u00e7\u00e3o em dia \u00e9 um ato de cuidado<\/p>\n<p>Cada dose aplicada protege o pr\u00f3prio indiv\u00edduo e contribui para a <strong>sa\u00fade coletiva.<\/strong> \u201cCada dose aplicada \u00e9 uma prote\u00e7\u00e3o para voc\u00ea e um passo para uma comunidade mais saud\u00e1vel\u201d, afirma a especialista.<\/p>\n<p>6. Consulte sempre seu m\u00e9dico<\/p>\n<p>O acompanhamento profissional garante que o calend\u00e1rio vacinal esteja completo e adequado \u00e0s necessidades individuais de cada membro da fam\u00edlia, garantindo prote\u00e7\u00e3o cont\u00ednua e eficaz.<\/p>\n","protected":false},"excerpt":{"rendered":"As vacinas s\u00e3o essenciais para a prote\u00e7\u00e3o contra doen\u00e7as Gorodenkoff \/ Shutterstock | Portal EdiCase O Dia Nacional&hellip;\n","protected":false},"author":2,"featured_media":114756,"comment_status":"","ping_status":"","sticky":false,"template":"","format":"standard","meta":{"footnotes":""},"categories":[86],"tags":[4227,116,32,33,117],"class_list":{"0":"post-114755","1":"post","2":"type-post","3":"status-publish","4":"format-standard","5":"has-post-thumbnail","7":"category-saude","8":"tag-edi-case","9":"tag-health","10":"tag-portugal","11":"tag-pt","12":"tag-saude"},"share_on_mastodon":{"url":"","error":""},"_links":{"self":[{"href":"https:\/\/www.europesays.com\/pt\/wp-json\/wp\/v2\/posts\/114755","targetHints":{"allow":["GET"]}}],"collection":[{"href":"https:\/\/www.europesays.com\/pt\/wp-json\/wp\/v2\/posts"}],"about":[{"href":"https:\/\/www.europesays.com\/pt\/wp-json\/wp\/v2\/types\/post"}],"author":[{"embeddable":true,"href":"https:\/\/www.europesays.com\/pt\/wp-json\/wp\/v2\/users\/2"}],"replies":[{"embeddable":true,"href":"https:\/\/www.europesays.com\/pt\/wp-json\/wp\/v2\/comments?post=114755"}],"version-history":[{"count":0,"href":"https:\/\/www.europesays.com\/pt\/wp-json\/wp\/v2\/posts\/114755\/revisions"}],"wp:featuredmedia":[{"embeddable":true,"href":"https:\/\/www.europesays.com\/pt\/wp-json\/wp\/v2\/media\/114756"}],"wp:attachment":[{"href":"https:\/\/www.europesays.com\/pt\/wp-json\/wp\/v2\/media?parent=114755"}],"wp:term":[{"taxonomy":"category","embeddable":true,"href":"https:\/\/www.europesays.com\/pt\/wp-json\/wp\/v2\/categories?post=114755"},{"taxonomy":"post_tag","embeddable":true,"href":"https:\/\/www.europesays.com\/pt\/wp-json\/wp\/v2\/tags?post=114755"}],"curies":[{"name":"wp","href":"https:\/\/api.w.org\/{rel}","templated":true}]}}