{"id":114768,"date":"2025-10-17T14:58:09","date_gmt":"2025-10-17T14:58:09","guid":{"rendered":"https:\/\/www.europesays.com\/pt\/114768\/"},"modified":"2025-10-17T14:58:09","modified_gmt":"2025-10-17T14:58:09","slug":"orquestra-com-trilha-de-harry-potter-o-que-ver-na-sexta-16-10-2025-ilustrada","status":"publish","type":"post","link":"https:\/\/www.europesays.com\/pt\/114768\/","title":{"rendered":"Orquestra com trilha de &#8216;Harry Potter&#8217;: o que ver na sexta &#8211; 16\/10\/2025 &#8211; Ilustrada"},"content":{"rendered":"<p>&#8220;<a href=\"https:\/\/www1.folha.uol.com.br\/blogs\/claudio-hebdo\/2025\/05\/o-que-o-mito-e-o-cacador-de-marajas-tem-em-comum.shtml\" rel=\"nofollow noopener\" target=\"\">Ca\u00e7ador de Maraj\u00e1s<\/a>&#8221; revisita a ascens\u00e3o e a queda de <a href=\"https:\/\/www1.folha.uol.com.br\/folha-topicos\/fernando-collor\/\" rel=\"nofollow noopener\" target=\"\">Fernando Collor de Mello<\/a>, o mais jovem presidente do Brasil e o primeiro a sofrer um impeachment. Em sete epis\u00f3dios, a produ\u00e7\u00e3o dirigida por <a href=\"https:\/\/www1.folha.uol.com.br\/amp\/poder\/2025\/10\/convivio-com-sobrinhos-de-collor-na-infancia-inspira-cineasta-em-serie-sobre-ex-presidente.shtml\" rel=\"nofollow noopener\" target=\"\">Charly Braun <\/a>combina investiga\u00e7\u00e3o jornal\u00edstica e dramatiza\u00e7\u00e3o para mergulhar nos esc\u00e2ndalos que marcaram a trajet\u00f3ria pol\u00edtica e pessoal de Collor desde a inf\u00e2ncia at\u00e9 1992.<\/p>\n<p><strong>Onde ver<\/strong>: Globoplay, 12 anos<\/p>\n<p>Sinfonia M\u00e1gica<\/p>\n<p><strong>Onde ver<\/strong>: YouTube Osesp, 20h, livre<\/p>\n<p>Transmiss\u00e3o ao vivo do concerto da <a href=\"https:\/\/guia.folha.uol.com.br\/shows\/2025\/09\/osesp-toca-musicas-de-harry-potter-em-outubro-veja-como-comprar-ingressos.shtml\" rel=\"nofollow noopener\" target=\"\">Orquestra Sinf\u00f4nica de S\u00e3o Paulo<\/a> interpretando a trilha sonora dos filmes <a href=\"https:\/\/www1.folha.uol.com.br\/folha-topicos\/harry-potter\/\" rel=\"nofollow noopener\" target=\"\">Harry Potter<\/a>, composta por <a href=\"https:\/\/www1.folha.uol.com.br\/ilustrada\/2024\/11\/como-john-williams-de-harry-potter-e-star-wars-mudou-a-musica-no-cinema.shtml\" rel=\"nofollow noopener\" target=\"\">John Williams<\/a>, a &#8220;Suite <a href=\"https:\/\/www1.folha.uol.com.br\/folha\/dinheiro\/ult91u82723.shtml\" rel=\"nofollow noopener\" target=\"\">Harry Potter<\/a>&#8220;. Participa\u00e7\u00f5es do Coro Infantil da Osesp e narra\u00e7\u00e3o do ator <a href=\"https:\/\/www1.folha.uol.com.br\/folha-topicos\/icaro-silva\/\" rel=\"nofollow noopener\" target=\"\">\u00cdcaro Silva<\/a>.<\/p>\n<p>Clube Spelunca<\/p>\n<p><strong>Onde ver<\/strong>: HBO Max e TNT, 18h30, 12 anos<\/p>\n<p>Com dez epis\u00f3dios, a s\u00e9rie de com\u00e9dia do diretor <a href=\"https:\/\/www1.folha.uol.com.br\/ilustrada\/2024\/11\/como-silvio-guindane-busca-herancas-africanas-no-brasil-ao-filmar-pela-estrada-afora.shtml\" rel=\"nofollow noopener\" target=\"\">Silvio Guindane<\/a> acompanha Dig\u00e3o, que almeja transformar o antigo clube da fam\u00edlia em novo ponto da zona leste paulistana. Com bom humor e coragem, ele acaba convencendo os parentes a investir em seu sonho.<\/p>\n<p><strong>Onde ver<\/strong>: GloboNews, 23h30, livre<\/p>\n<p>O entrevistado da semana \u00e9 <a href=\"https:\/\/www1.folha.uol.com.br\/fol\/cult\/cu14043.htm\" rel=\"nofollow noopener\" target=\"\">Ign\u00e1cio de Loyola Brand\u00e3o<\/a>, cronista, romancista, contista e imortal da <a href=\"https:\/\/www1.folha.uol.com.br\/folha-topicos\/abl\/\" rel=\"nofollow noopener\" target=\"\">Academia Brasileira de Letras<\/a>. Ele, que celebrou 60 anos de literatura neste ano, fala da carreira, do futuro e do novo livro, &#8220;Risco de Queda&#8221;.<\/p>\n<p>Good News<\/p>\n<p><strong>Onde ver<\/strong>: Netflix, 16 anos<\/p>\n<p>O filme sul-coreano \u00e9 uma com\u00e9dia nos anos 1970, quando um grupo comunista do <a href=\"https:\/\/www1.folha.uol.com.br\/folha-topicos\/japao\/\" rel=\"nofollow noopener\" target=\"\">Jap\u00e3o <\/a>sequestra um avi\u00e3o de passageiros e o desvia para a <a href=\"https:\/\/www1.folha.uol.com.br\/folha-topicos\/coreia-do-norte\/\" rel=\"nofollow noopener\" target=\"\">Coreia do Norte<\/a>. Um agente conhecido como Ningu\u00e9m ent\u00e3o cria uma opera\u00e7\u00e3o secreta para for\u00e7ar o avi\u00e3o a aterrissar.<\/p>\n<p>Os Filmes de Kelly Reichardt<\/p>\n<p><strong>Onde ver<\/strong>: Mubi, sem classifica\u00e7\u00e3o<\/p>\n<p>Com &#8220;<a href=\"https:\/\/www1.folha.uol.com.br\/ilustrada\/2025\/05\/irmaos-dardenne-adicionam-maes-adolescentes-ao-seu-gabinete-de-questoes-sociais.shtml\" rel=\"nofollow noopener\" target=\"\">The Mastermind<\/a>&#8221; nos cinemas, a <a href=\"https:\/\/www1.folha.uol.com.br\/ilustrada\/2024\/10\/como-a-mubi-streaming-que-aposta-no-cult-abocanha-filmes-de-grandes-diretores.shtml\" rel=\"nofollow noopener\" target=\"\">Mubi <\/a>exibe dois longas da diretora <a href=\"https:\/\/www1.folha.uol.com.br\/ilustrada\/2020\/02\/western-dirigido-por-mulher-arranca-aplausos-no-festival-de-berlim.shtml\" rel=\"nofollow noopener\" target=\"\">Kelly Reichardt<\/a> \u2014&#8221;River of Grass&#8221;, de 1994, e &#8220;Antiga Alegria&#8221;, de 2006. No primeiro, ela retrata a vida no p\u00e2ntano <a href=\"https:\/\/www1.folha.uol.com.br\/turismo\/2024\/01\/parque-everglades-e-paraiso-selvagem-a-apenas-uma-hora-de-miami.shtml\" rel=\"nofollow noopener\" target=\"\">Everglades <\/a>no estado americano da Fl\u00f3rida. No segundo, amigos acampando nas montanhas de Oregon.<\/p>\n<p>Olhos Negros<\/p>\n<p><strong>Onde ver<\/strong>: Belas Artes \u00e0 la Carte, 14 anos<\/p>\n<p>O filme \u00e9 uma coprodu\u00e7\u00e3o \u00edtalo-sovi\u00e9tica de 1987 e conta a hist\u00f3ria de um italiano que volta para casa para deixar sua mulher e se casar com a amante russa. <a href=\"https:\/\/www1.folha.uol.com.br\/ilustrada\/2024\/10\/marcello-mastroianni-na-mostra-de-sp-e-celebrado-com-filmes-menos-obvios.shtml\" rel=\"nofollow noopener\" target=\"\">Marcello Mastroianni<\/a> foi premiado no Festival de Cannes, na Fran\u00e7a, pelo papel.<\/p>\n","protected":false},"excerpt":{"rendered":"&#8220;Ca\u00e7ador de Maraj\u00e1s&#8221; revisita a ascens\u00e3o e a queda de Fernando Collor de Mello, o mais jovem presidente&hellip;\n","protected":false},"author":2,"featured_media":114769,"comment_status":"","ping_status":"","sticky":false,"template":"","format":"standard","meta":{"footnotes":""},"categories":[140],"tags":[9902,26947,470,114,115,22512,147,148,236,4641,26949,7533,1627,146,1623,716,26948,32,33,941,940,218,9514,3004],"class_list":{"0":"post-114768","1":"post","2":"type-post","3":"status-publish","4":"format-standard","5":"has-post-thumbnail","7":"category-filmes","8":"tag-abl","9":"tag-academia-brasileira-de-letras","10":"tag-cinema","11":"tag-entertainment","12":"tag-entretenimento","13":"tag-fernando-collor","14":"tag-film","15":"tag-filmes","16":"tag-folha","17":"tag-globonews","18":"tag-john-williams","19":"tag-mario-sergio-conti","20":"tag-max","21":"tag-movies","22":"tag-multitela","23":"tag-netflix","24":"tag-osesp","25":"tag-portugal","26":"tag-pt","27":"tag-series","28":"tag-streaming","29":"tag-televisao","30":"tag-tnt","31":"tag-youtube"},"share_on_mastodon":{"url":"","error":""},"_links":{"self":[{"href":"https:\/\/www.europesays.com\/pt\/wp-json\/wp\/v2\/posts\/114768","targetHints":{"allow":["GET"]}}],"collection":[{"href":"https:\/\/www.europesays.com\/pt\/wp-json\/wp\/v2\/posts"}],"about":[{"href":"https:\/\/www.europesays.com\/pt\/wp-json\/wp\/v2\/types\/post"}],"author":[{"embeddable":true,"href":"https:\/\/www.europesays.com\/pt\/wp-json\/wp\/v2\/users\/2"}],"replies":[{"embeddable":true,"href":"https:\/\/www.europesays.com\/pt\/wp-json\/wp\/v2\/comments?post=114768"}],"version-history":[{"count":0,"href":"https:\/\/www.europesays.com\/pt\/wp-json\/wp\/v2\/posts\/114768\/revisions"}],"wp:featuredmedia":[{"embeddable":true,"href":"https:\/\/www.europesays.com\/pt\/wp-json\/wp\/v2\/media\/114769"}],"wp:attachment":[{"href":"https:\/\/www.europesays.com\/pt\/wp-json\/wp\/v2\/media?parent=114768"}],"wp:term":[{"taxonomy":"category","embeddable":true,"href":"https:\/\/www.europesays.com\/pt\/wp-json\/wp\/v2\/categories?post=114768"},{"taxonomy":"post_tag","embeddable":true,"href":"https:\/\/www.europesays.com\/pt\/wp-json\/wp\/v2\/tags?post=114768"}],"curies":[{"name":"wp","href":"https:\/\/api.w.org\/{rel}","templated":true}]}}