{"id":114770,"date":"2025-10-17T14:59:09","date_gmt":"2025-10-17T14:59:09","guid":{"rendered":"https:\/\/www.europesays.com\/pt\/114770\/"},"modified":"2025-10-17T14:59:09","modified_gmt":"2025-10-17T14:59:09","slug":"video-ronaldo-surpreende-com-mudanca-de-visual-e-recebe-aprovacao-de-georgina","status":"publish","type":"post","link":"https:\/\/www.europesays.com\/pt\/114770\/","title":{"rendered":"V\u00cdDEO: Ronaldo surpreende com mudan\u00e7a de visual e recebe aprova\u00e7\u00e3o de Georgina"},"content":{"rendered":"<p>Depois de uma semana ao servi\u00e7o da Sele\u00e7\u00e3o Nacional, em Portugal, Cristiano Ronaldo regressou esta quinta-feira aos treinos do Al Nassr e apareceu com um novo visual. De cabelo cortado, o capit\u00e3o portugu\u00eas chamou a aten\u00e7\u00e3o das c\u00e2maras.<\/p>\n<p>Nas redes sociais, os holofotes tamb\u00e9m se viraram para CR7 e os f\u00e3s mostraram-se agradados e nost\u00e1lgicos com a mudan\u00e7a de corte de cabelo.\u00a0<\/p>\n<p>Georgina Rodr\u00edguez, noiva de Cristiano Ronaldo, mostrou-se satisfeita com o novo look do parceiro e publicou uma fotografia de ambos com um emoji de um cora\u00e7\u00e3o.<\/p>\n<blockquote class=\"twitter-tweet\">\n<p lang=\"en\">\ud83d\udea8 \ud835\udde1\ud835\uddd8\ud835\uddea: Cristiano Ronaldo got himself a brand new haircut! \u2728 <a href=\"https:\/\/t.co\/0Tc8jJEZ19\" rel=\"nofollow\">pic.twitter.com\/0Tc8jJEZ19<\/a><\/p>\n<p> \u2014 The Touchline | \ud835\udc13 (@TouchlineX)<br \/>\n  <a href=\"https:\/\/twitter.com\/TouchlineX\/status\/1978882668961108304?ref_src=twsrc%5Etfw\" rel=\"nofollow noopener\" target=\"_blank\">October 16, 2025<\/a>\n <\/p><\/blockquote>\n<p>                                <script async src=\"https:\/\/platform.twitter.com\/widgets.js\" charset=\"utf-8\"><\/script><\/p>\n","protected":false},"excerpt":{"rendered":"Depois de uma semana ao servi\u00e7o da Sele\u00e7\u00e3o Nacional, em Portugal, Cristiano Ronaldo regressou esta quinta-feira aos treinos&hellip;\n","protected":false},"author":2,"featured_media":114771,"comment_status":"","ping_status":"","sticky":false,"template":"","format":"standard","meta":{"footnotes":""},"categories":[87],"tags":[685,6041,26950,667,135,3509,46,7660,32,33,47,134,6659],"class_list":{"0":"post-114770","1":"post","2":"type-post","3":"status-publish","4":"format-standard","5":"has-post-thumbnail","7":"category-desporto","8":"tag-al-nassr","9":"tag-cabelo","10":"tag-cabelo-ronaldo","11":"tag-cristiano-ronaldo","12":"tag-desporto","13":"tag-georgina-rodriguez","14":"tag-maisfutebol","15":"tag-mf-social","16":"tag-portugal","17":"tag-pt","18":"tag-pura-paixao","19":"tag-sports","20":"tag-visual"},"share_on_mastodon":{"url":"","error":""},"_links":{"self":[{"href":"https:\/\/www.europesays.com\/pt\/wp-json\/wp\/v2\/posts\/114770","targetHints":{"allow":["GET"]}}],"collection":[{"href":"https:\/\/www.europesays.com\/pt\/wp-json\/wp\/v2\/posts"}],"about":[{"href":"https:\/\/www.europesays.com\/pt\/wp-json\/wp\/v2\/types\/post"}],"author":[{"embeddable":true,"href":"https:\/\/www.europesays.com\/pt\/wp-json\/wp\/v2\/users\/2"}],"replies":[{"embeddable":true,"href":"https:\/\/www.europesays.com\/pt\/wp-json\/wp\/v2\/comments?post=114770"}],"version-history":[{"count":0,"href":"https:\/\/www.europesays.com\/pt\/wp-json\/wp\/v2\/posts\/114770\/revisions"}],"wp:featuredmedia":[{"embeddable":true,"href":"https:\/\/www.europesays.com\/pt\/wp-json\/wp\/v2\/media\/114771"}],"wp:attachment":[{"href":"https:\/\/www.europesays.com\/pt\/wp-json\/wp\/v2\/media?parent=114770"}],"wp:term":[{"taxonomy":"category","embeddable":true,"href":"https:\/\/www.europesays.com\/pt\/wp-json\/wp\/v2\/categories?post=114770"},{"taxonomy":"post_tag","embeddable":true,"href":"https:\/\/www.europesays.com\/pt\/wp-json\/wp\/v2\/tags?post=114770"}],"curies":[{"name":"wp","href":"https:\/\/api.w.org\/{rel}","templated":true}]}}