{"id":114778,"date":"2025-10-17T15:05:09","date_gmt":"2025-10-17T15:05:09","guid":{"rendered":"https:\/\/www.europesays.com\/pt\/114778\/"},"modified":"2025-10-17T15:05:09","modified_gmt":"2025-10-17T15:05:09","slug":"detido-por-fogo-posto-em-matosinhos-regressa-ao-predio-que-incendiou-por-decisao-judicial","status":"publish","type":"post","link":"https:\/\/www.europesays.com\/pt\/114778\/","title":{"rendered":"Detido por fogo posto em Matosinhos regressa ao pr\u00e9dio que incendiou por decis\u00e3o judicial"},"content":{"rendered":"<p>O suspeito, residente em Le\u00e7a do Balio e toxicodependente, ter\u00e1 provocado preju\u00edzos de &#8220;centenas de milhares de euros&#8221; ao atear, pelo menos, cinco inc\u00eandios entre mar\u00e7o e julho deste ano. Com os fogos, pretendia criar &#8220;distra\u00e7\u00f5es e artif\u00edcios&#8221; para furtos e burlas relativas a seguros, adiantou na quinta-feira a PJ do Porto, ap\u00f3s a deten\u00e7\u00e3o.<\/p>\n<p data-remotead-prev-elm=\"true\" data-remotead-elm-id=\"inread\">Num dos casos, o homem ateou fogo ao pr\u00f3prio carro ap\u00f3s ter alterado o seguro para receber uma compensa\u00e7\u00e3o superior. Noutro caso, ateou fogo a uma prateleira de uma loja para distrair o funcion\u00e1rio e roubar o dinheiro da caixa.<\/p>\n<p>Os inc\u00eandios, em Matosinhos, Maia e Porto, destru\u00edram, pelo menos, quatro carros, danificaram outros e destru\u00edram parcialmente duas garagens coletivas de pr\u00e9dios de habita\u00e7\u00e3o. Al\u00e9m dos preju\u00edzos materiais, as a\u00e7\u00f5es puseram em risco a vida de residentes e a seguran\u00e7a de in\u00fameros bens de elevado valor, acrescentou a PJ.<\/p>\n<p data-remotead-prev-elm=\"true\" data-remotead-elm-id=\"centro1\">O detido, residente em Le\u00e7a do Balio, trabalhador num hipermercado e sem antecedentes criminais, ter\u00e1 recorrido aos crimes para sustentar o v\u00edcio das drogas e pagar as v\u00e1rias d\u00edvidas que ter\u00e1 contra\u00eddo com igual objetivo. Foi esta sexta-feira apresentado a primeiro interrogat\u00f3rio judicial. O juiz de instru\u00e7\u00e3o criminal decidiu aplicar-lhe a medida de coa\u00e7\u00e3o de pris\u00e3o domicili\u00e1ria, ordenando assim o seu regresso ao local de um dos crimes dos quais que \u00e9 suspeito.<\/p>\n","protected":false},"excerpt":{"rendered":"O suspeito, residente em Le\u00e7a do Balio e toxicodependente, ter\u00e1 provocado preju\u00edzos de &#8220;centenas de milhares de euros&#8221;&hellip;\n","protected":false},"author":2,"featured_media":114779,"comment_status":"","ping_status":"","sticky":false,"template":"","format":"standard","meta":{"footnotes":""},"categories":[10],"tags":[27,28,15,16,14,625,603,25,26,21,22,6406,12,13,19,20,23527,32,23,24,33,17,18,29,30,31],"class_list":{"0":"post-114778","1":"post","2":"type-post","3":"status-publish","4":"format-standard","5":"has-post-thumbnail","7":"category-portugal","8":"tag-breaking-news","9":"tag-breakingnews","10":"tag-featured-news","11":"tag-featurednews","12":"tag-headlines","13":"tag-incendio","14":"tag-justica","15":"tag-latest-news","16":"tag-latestnews","17":"tag-main-news","18":"tag-mainnews","19":"tag-matosinhos","20":"tag-news","21":"tag-noticias","22":"tag-noticias-principais","23":"tag-noticiasprincipais","24":"tag-pj-porto","25":"tag-portugal","26":"tag-principais-noticias","27":"tag-principaisnoticias","28":"tag-pt","29":"tag-top-stories","30":"tag-topstories","31":"tag-ultimas","32":"tag-ultimas-noticias","33":"tag-ultimasnoticias"},"share_on_mastodon":{"url":"","error":""},"_links":{"self":[{"href":"https:\/\/www.europesays.com\/pt\/wp-json\/wp\/v2\/posts\/114778","targetHints":{"allow":["GET"]}}],"collection":[{"href":"https:\/\/www.europesays.com\/pt\/wp-json\/wp\/v2\/posts"}],"about":[{"href":"https:\/\/www.europesays.com\/pt\/wp-json\/wp\/v2\/types\/post"}],"author":[{"embeddable":true,"href":"https:\/\/www.europesays.com\/pt\/wp-json\/wp\/v2\/users\/2"}],"replies":[{"embeddable":true,"href":"https:\/\/www.europesays.com\/pt\/wp-json\/wp\/v2\/comments?post=114778"}],"version-history":[{"count":0,"href":"https:\/\/www.europesays.com\/pt\/wp-json\/wp\/v2\/posts\/114778\/revisions"}],"wp:featuredmedia":[{"embeddable":true,"href":"https:\/\/www.europesays.com\/pt\/wp-json\/wp\/v2\/media\/114779"}],"wp:attachment":[{"href":"https:\/\/www.europesays.com\/pt\/wp-json\/wp\/v2\/media?parent=114778"}],"wp:term":[{"taxonomy":"category","embeddable":true,"href":"https:\/\/www.europesays.com\/pt\/wp-json\/wp\/v2\/categories?post=114778"},{"taxonomy":"post_tag","embeddable":true,"href":"https:\/\/www.europesays.com\/pt\/wp-json\/wp\/v2\/tags?post=114778"}],"curies":[{"name":"wp","href":"https:\/\/api.w.org\/{rel}","templated":true}]}}